{"id":9961,"date":"2018-07-26T09:00:42","date_gmt":"2018-07-26T07:00:42","guid":{"rendered":"https:\/\/www.vdsm.net\/wronline\/?p=9961"},"modified":"2018-07-25T16:15:13","modified_gmt":"2018-07-25T14:15:13","slug":"zdi-netzwerk-siegen-wittgenstein-ausgezeichnet","status":"publish","type":"post","link":"https:\/\/www.vdsm.net\/wronline\/zdi-netzwerk-siegen-wittgenstein-ausgezeichnet\/","title":{"rendered":"zdi-Netzwerk Siegen-Wittgenstein ausgezeichnet"},"content":{"rendered":"<p>\u201eErfolgreiche MINT-F\u00f6rderung vom Kindergarten bis zum Abitur kann nur gemeinsam gelingen\u201c, sagte\u00a0Klaus Kaiser, Parlamentarischer\u00a0Staatssekret\u00e4r im Ministerium f\u00fcr Kultur und Wissenschaft, bei der \u00dcbergabe der diesj\u00e4hrigen\u00a0zdi-Qualit\u00e4tssiegel. F\u00fcr seine\u00a0erfolgreiche Netzwerkarbeit\u00a0ist das zdi-Netzwerk Siegen-Wittgenstein nun mit dem\u00a0zdi-Qualit\u00e4tssiegel 2018\u00a0ausgezeichnet worden. Das Siegel best\u00e4tigt die besonders engagierte F\u00f6rderung des Nachwuchses im MINT-Bereich, also in den F\u00e4chern Mathematik, Informatik, Naturwissenschaften und Technik.<\/p>\n<p>Das zdi-Netzwerk Siegen-Wittgenstein ist Teil der\u00a0landesweitenGemeinschaftsoffensive \u201eZukunft durch Innovation\u201c, bei der sich mehr als\u00a04.000 Partner\u00a0aus Politik, Wirtschaft, Schule und Hochschule f\u00fcr die MINT-Fachkr\u00e4ftesicherung in NRW engagieren. \u201ezdi zeichnet aus, dass\u00a0Ideen und Impulse aus den Regionenselbst kommen, die Akteure arbeiten in den Netzwerken regional eng zusammen, gestalten gemeinsam MINT-Nachwuchsf\u00f6rderung vor Ort und schaffen Chancen\u201c, betonte Klaus Kaiser bei der \u00dcbergabe. Gemeinsam mit dem zdi-Netzwerk Siegen-Wittgenstein wurde die Auszeichnung bei einer Feierstunde im Ministerium an die\u00a043 weiteren regionalen zdi-Netzwerke\u00a0im Land NRW verliehen.<\/p>\n","protected":false},"excerpt":{"rendered":"<p>\u201eErfolgreiche MINT-F\u00f6rderung vom Kindergarten bis zum Abitur kann nur gemeinsam gelingen\u201c, sagte\u00a0Klaus Kaiser, Parlamentarischer\u00a0Staatssekret\u00e4r im Ministerium f\u00fcr Kultur und Wissenschaft, bei der \u00dcbergabe der diesj\u00e4hrigen\u00a0zdi-Qualit\u00e4tssiegel&#8230;.<\/p>\n","protected":false},"author":2,"featured_media":9962,"comment_status":"open","ping_status":"open","sticky":false,"template":"","format":"standard","meta":{"_jetpack_memberships_contains_paid_content":false,"footnotes":""},"categories":[8,32,30],"tags":[],"class_list":["post-9961","post","type-post","status-publish","format-standard","has-post-thumbnail","hentry","category-ausbildung","category-infos","category-vermischtes"],"jetpack_featured_media_url":"https:\/\/www.vdsm.net\/wronline\/wp-content\/uploads\/2018\/07\/zdi-siegel-siwi.jpg","jetpack_sharing_enabled":true,"_links":{"self":[{"href":"https:\/\/www.vdsm.net\/wronline\/wp-json\/wp\/v2\/posts\/9961","targetHints":{"allow":["GET"]}}],"collection":[{"href":"https:\/\/www.vdsm.net\/wronline\/wp-json\/wp\/v2\/posts"}],"about":[{"href":"https:\/\/www.vdsm.net\/wronline\/wp-json\/wp\/v2\/types\/post"}],"author":[{"embeddable":true,"href":"https:\/\/www.vdsm.net\/wronline\/wp-json\/wp\/v2\/users\/2"}],"replies":[{"embeddable":true,"href":"https:\/\/www.vdsm.net\/wronline\/wp-json\/wp\/v2\/comments?post=9961"}],"version-history":[{"count":1,"href":"https:\/\/www.vdsm.net\/wronline\/wp-json\/wp\/v2\/posts\/9961\/revisions"}],"predecessor-version":[{"id":9963,"href":"https:\/\/www.vdsm.net\/wronline\/wp-json\/wp\/v2\/posts\/9961\/revisions\/9963"}],"wp:featuredmedia":[{"embeddable":true,"href":"https:\/\/www.vdsm.net\/wronline\/wp-json\/wp\/v2\/media\/9962"}],"wp:attachment":[{"href":"https:\/\/www.vdsm.net\/wronline\/wp-json\/wp\/v2\/media?parent=9961"}],"wp:term":[{"taxonomy":"category","embeddable":true,"href":"https:\/\/www.vdsm.net\/wronline\/wp-json\/wp\/v2\/categories?post=9961"},{"taxonomy":"post_tag","embeddable":true,"href":"https:\/\/www.vdsm.net\/wronline\/wp-json\/wp\/v2\/tags?post=9961"}],"curies":[{"name":"wp","href":"https:\/\/api.w.org\/{rel}","templated":true}]}}