{"id":9951,"date":"2018-07-25T08:24:50","date_gmt":"2018-07-25T06:24:50","guid":{"rendered":"https:\/\/www.vdsm.net\/wronline\/?p=9951"},"modified":"2018-07-25T08:25:00","modified_gmt":"2018-07-25T06:25:00","slug":"zukunftspreis-bewerbungen-noch-bis-ende-august-moeglich","status":"publish","type":"post","link":"https:\/\/www.vdsm.net\/wronline\/zukunftspreis-bewerbungen-noch-bis-ende-august-moeglich\/","title":{"rendered":"Zukunftspreis: Bewerbungen noch bis Ende August m\u00f6glich"},"content":{"rendered":"<p>Mit dem E-Bike oder Fahrrad zur Arbeit fahren, Elektroger\u00e4te ausschalten, wenn man sie gerade nicht braucht, oder beim Einkaufen die Einwegtasche und den Korb mitnehmen \u2013 M\u00f6glichkeiten und Projekte, um das Klima zu sch\u00fctzen gibt es viele. Diese m\u00f6chte der\u00a0Kreis Siegen-Wittgenstein\u00a0in den Mittelpunkt stellen \u2013 beim diesj\u00e4hrigen\u00a0Zukunftspreis \u201eVolle Energie f\u00fcr ein gutes Klima\u201c. Noch bis\u00a0Freitag, 31. August, k\u00f6nnen sich Gruppen, Vereine, Einzelpersonen, Initiativen und Dorfgemeinschaften f\u00fcr den mit\u00a05.000 Euro dotierten Preisbewerben. Auch Kooperationen mit hauptamtlichen Akteuren sind zul\u00e4ssig, wenn das ehrenamtliche Engagement im Mittelpunkt des Projektes steht.<\/p>\n<p>\u201eDie\u00a0Wettbewerbsbeitr\u00e4ge sollen Beispiele daf\u00fcr sein, dass wir \u00fcberall vor Ort in Siegen-Wittgenstein ganz konkret in der Lage sind,\u00a0Beitr\u00e4ge zum Klima- und Umweltschutz zu leisten\u201c, unterstreicht\u00a0Landrat Andreas M\u00fcller\u00a0und motiviert alle, die in diesem Bereich aktiv sind, sich um den Zukunftspreis zu bewerben: \u201eEs ist unglaublich wichtig, vorbildliches Engagement \u00f6ffentlich zu machen und zu w\u00fcrdigen. Denn nur so regt man andere auch zum Nachmachen an \u2013 denn auch das ist ein wesentliches Ziel des Zukunftspreises.\u201c<\/p>\n<p>Auch in diesem Jahr wird wieder eine\u00a0Jury\u00a0\u00fcber den oder die Sieger entscheiden. Diese besteht aus dem\u00a0Landrat, seinen drei Stellvertretern, dem\u00a0Klimaschutzmanager des Kreises\u00a0und dem\u00a0stv. Vorsitzenden des Ausschusses f\u00fcr Umwelt, Land- und Forstwirtschaft. Sie werden vom Umweltdezernent, dem Umweltamt und dem Ehrenamtservice des Kreises beraten.<br \/>\nDar\u00fcber hinaus k\u00f6nnen\u00a0alle Siegerl\u00e4nder und Wittgensteiner\u00a0nach Bewerbungsschlussauch ihren Favoriten, den \u201eMausklick-Champion\u201c,\u00a0k\u00fcren\u00a0\u2013 per Abstimmung im Internet.<\/p>\n<p>Die Wettbewerbsbeitr\u00e4ge k\u00f6nnen\u00a0per Post\u00a0an den Kreis Siegen-Wittgenstein, Referat des Landrates, Koblenzer Stra\u00dfe 73, 57072 Siegen, oder\u00a0per E-Mail\u00a0an\u00a0<a href=\"mailto:zukunftspreis@siegen-wittgenstein.de\">zukunftspreis@siegen-wittgenstein.de<\/a>\u00a0gesendet werden.<\/p>\n","protected":false},"excerpt":{"rendered":"<p>Mit dem E-Bike oder Fahrrad zur Arbeit fahren, Elektroger\u00e4te ausschalten, wenn man sie gerade nicht braucht, oder beim Einkaufen die Einwegtasche und den Korb mitnehmen&#8230;<\/p>\n","protected":false},"author":2,"featured_media":9952,"comment_status":"open","ping_status":"open","sticky":false,"template":"","format":"standard","meta":{"_jetpack_memberships_contains_paid_content":false,"footnotes":""},"categories":[32,30,34],"tags":[],"class_list":["post-9951","post","type-post","status-publish","format-standard","has-post-thumbnail","hentry","category-infos","category-vermischtes","category-termine"],"jetpack_featured_media_url":"https:\/\/www.vdsm.net\/wronline\/wp-content\/uploads\/2018\/07\/klimaschutz.jpg","jetpack_sharing_enabled":true,"_links":{"self":[{"href":"https:\/\/www.vdsm.net\/wronline\/wp-json\/wp\/v2\/posts\/9951","targetHints":{"allow":["GET"]}}],"collection":[{"href":"https:\/\/www.vdsm.net\/wronline\/wp-json\/wp\/v2\/posts"}],"about":[{"href":"https:\/\/www.vdsm.net\/wronline\/wp-json\/wp\/v2\/types\/post"}],"author":[{"embeddable":true,"href":"https:\/\/www.vdsm.net\/wronline\/wp-json\/wp\/v2\/users\/2"}],"replies":[{"embeddable":true,"href":"https:\/\/www.vdsm.net\/wronline\/wp-json\/wp\/v2\/comments?post=9951"}],"version-history":[{"count":2,"href":"https:\/\/www.vdsm.net\/wronline\/wp-json\/wp\/v2\/posts\/9951\/revisions"}],"predecessor-version":[{"id":9954,"href":"https:\/\/www.vdsm.net\/wronline\/wp-json\/wp\/v2\/posts\/9951\/revisions\/9954"}],"wp:featuredmedia":[{"embeddable":true,"href":"https:\/\/www.vdsm.net\/wronline\/wp-json\/wp\/v2\/media\/9952"}],"wp:attachment":[{"href":"https:\/\/www.vdsm.net\/wronline\/wp-json\/wp\/v2\/media?parent=9951"}],"wp:term":[{"taxonomy":"category","embeddable":true,"href":"https:\/\/www.vdsm.net\/wronline\/wp-json\/wp\/v2\/categories?post=9951"},{"taxonomy":"post_tag","embeddable":true,"href":"https:\/\/www.vdsm.net\/wronline\/wp-json\/wp\/v2\/tags?post=9951"}],"curies":[{"name":"wp","href":"https:\/\/api.w.org\/{rel}","templated":true}]}}