{"id":9940,"date":"2018-07-24T15:27:52","date_gmt":"2018-07-24T13:27:52","guid":{"rendered":"https:\/\/www.vdsm.net\/wronline\/?p=9940"},"modified":"2018-07-24T15:27:52","modified_gmt":"2018-07-24T13:27:52","slug":"datenschutz-grundverordnung-kein-grund-zur-panik","status":"publish","type":"post","link":"https:\/\/www.vdsm.net\/wronline\/datenschutz-grundverordnung-kein-grund-zur-panik\/","title":{"rendered":"Datenschutz-Grundverordnung: Kein Grund zur Panik"},"content":{"rendered":"<p>\u201eWarum organisiert die IHK Infoveranstaltungen zur Datenschutz-Grundverordnung nur in Siegen, nicht aber in Wittgenstein?\u201c, fragte Konstantin Bikar im Juni beim Wirtschaftsgespr\u00e4ch der Kammer in Bad Berleburg. Die IHK lieferte prompt. Ihrer Einladung folgten rund 40 Unternehmensvertreter ins Bad Laaspher Haus des Gastes, um Tipps f\u00fcr die Praxis zu bekommen und sich auf die ver\u00e4nderten Gegebenheiten einzustimmen.<\/p>\n<p>\u201eDer Mensch ist nach wie vor der entscheidende Faktor. Daher sollte die Mitarbeiterschulung an oberster Stelle stehen. Das beste Datenschutzmanagementsystem n\u00fctzt nichts, wenn die Mitarbeiter nicht wissen, worauf sie achten m\u00fcssen\u201c, lautete die Botschaft, die der externe Datenschutzbeauftragte Dennis Wallach an die Wittgensteiner Unternehmerschaft richtete.<\/p>\n<p>In seinem Vortrag unterstrich Wallach zun\u00e4chst, wie wichtig es sei, die neuen Vorgaben ernst zu nehmen und so schnell wie m\u00f6glich umzusetzen: \u201eWer das nicht macht, muss unter Umst\u00e4nden mit Strafen rechnen!\u201c Grunds\u00e4tzlich seien viele Bestandteile des fr\u00fcheren Bundesdatenschutzgesetzes in die DSGVO eingearbeitet worden. Im ersten Schritt m\u00fcsse dennoch unbedingt eine interne Bestandsaufnahme erfolgen, um herauszufinden, an welchen Stellen Handlungsbedarf in Sachen Datenschutz und IT-Sicherheit bestehe. \u201eAnpassungen sind auf jeden Fall zwingend notwendig\u201c, erkl\u00e4rte der Experte. Absolut unerl\u00e4sslich sei es, die Au\u00dfenwirkung konsequent zu kontrollieren und zu \u00fcberarbeiten: vom Impressum bis hin zu den Datenschutzhinweisen auf der eigenen Internetseite. Des Weiteren seien Verantwortliche gefordert, technische Abl\u00e4ufe zu \u00fcberpr\u00fcfen. Darunter fielen der gesamte IT-Prozess, externe Zug\u00e4nge und vor allem das Dokumentenmanagement.<\/p>\n<p>Die Entscheidung, ob ein Datenschutzbeauftragter verpflichtend zu bestellen sei, h\u00e4nge von vielen Faktoren ab \u2013 unter anderem davon, wie viele Mitarbeiter im Unternehmen mit der Datenverarbeitung besch\u00e4ftigt seien und ob das Unternehmen besondere personenbezogene Daten verarbeite. Die prim\u00e4re Verantwortung f\u00fcr den Datenschutz liege jedoch in jedem Falle bei der Gesch\u00e4ftsf\u00fchrung.<\/p>\n<p>Doch trotz aller Probleme und Herausforderungen: Dennis Wallach rief seine Zuh\u00f6rer zur Besonnenheit auf. Grund zur Panik gebe es nicht. Wer mit entsprechender Ernsthaftigkeit die neuen Regularien beachte, k\u00f6nne daraus letztlich einen enormen Nutzen ziehen: \u201eSie k\u00f6nnen gesch\u00e4ftskritische Prozesse erkennen und Ihre Arbeitsabl\u00e4ufe optimieren. Das hilft Ihrem Unternehmen langfristig.\u201c<\/p>\n","protected":false},"excerpt":{"rendered":"<p>\u201eWarum organisiert die IHK Infoveranstaltungen zur Datenschutz-Grundverordnung nur in Siegen, nicht aber in Wittgenstein?\u201c, fragte Konstantin Bikar im Juni beim Wirtschaftsgespr\u00e4ch der Kammer in Bad&#8230;<\/p>\n","protected":false},"author":6,"featured_media":9944,"comment_status":"open","ping_status":"open","sticky":false,"template":"","format":"standard","meta":{"_jetpack_memberships_contains_paid_content":false,"footnotes":""},"categories":[11],"tags":[],"class_list":["post-9940","post","type-post","status-publish","format-standard","has-post-thumbnail","hentry","category-regionale-wirtschaft"],"jetpack_featured_media_url":"https:\/\/www.vdsm.net\/wronline\/wp-content\/uploads\/2018\/07\/dsgvo-3446011_Pixabay_WEB.jpg","jetpack_sharing_enabled":true,"_links":{"self":[{"href":"https:\/\/www.vdsm.net\/wronline\/wp-json\/wp\/v2\/posts\/9940","targetHints":{"allow":["GET"]}}],"collection":[{"href":"https:\/\/www.vdsm.net\/wronline\/wp-json\/wp\/v2\/posts"}],"about":[{"href":"https:\/\/www.vdsm.net\/wronline\/wp-json\/wp\/v2\/types\/post"}],"author":[{"embeddable":true,"href":"https:\/\/www.vdsm.net\/wronline\/wp-json\/wp\/v2\/users\/6"}],"replies":[{"embeddable":true,"href":"https:\/\/www.vdsm.net\/wronline\/wp-json\/wp\/v2\/comments?post=9940"}],"version-history":[{"count":5,"href":"https:\/\/www.vdsm.net\/wronline\/wp-json\/wp\/v2\/posts\/9940\/revisions"}],"predecessor-version":[{"id":9947,"href":"https:\/\/www.vdsm.net\/wronline\/wp-json\/wp\/v2\/posts\/9940\/revisions\/9947"}],"wp:featuredmedia":[{"embeddable":true,"href":"https:\/\/www.vdsm.net\/wronline\/wp-json\/wp\/v2\/media\/9944"}],"wp:attachment":[{"href":"https:\/\/www.vdsm.net\/wronline\/wp-json\/wp\/v2\/media?parent=9940"}],"wp:term":[{"taxonomy":"category","embeddable":true,"href":"https:\/\/www.vdsm.net\/wronline\/wp-json\/wp\/v2\/categories?post=9940"},{"taxonomy":"post_tag","embeddable":true,"href":"https:\/\/www.vdsm.net\/wronline\/wp-json\/wp\/v2\/tags?post=9940"}],"curies":[{"name":"wp","href":"https:\/\/api.w.org\/{rel}","templated":true}]}}