{"id":993,"date":"2012-11-08T08:32:45","date_gmt":"2012-11-08T07:32:45","guid":{"rendered":"http:\/\/www.vdsm.net\/wronline\/?p=993"},"modified":"2012-11-08T08:33:27","modified_gmt":"2012-11-08T07:33:27","slug":"sieben-landesbeste-aus-siegen-wittgenstein-und-olpe","status":"publish","type":"post","link":"https:\/\/www.vdsm.net\/wronline\/sieben-landesbeste-aus-siegen-wittgenstein-und-olpe\/","title":{"rendered":"Sieben Landesbeste aus Siegen-Wittgenstein und Olpe"},"content":{"rendered":"<div id=\"attachment_994\" style=\"width: 310px\" class=\"wp-caption alignleft\"><a href=\"http:\/\/www.vdsm.net\/wronline\/wp-content\/uploads\/2012\/11\/131-12-Landesbeste.jpg\"><img loading=\"lazy\" decoding=\"async\" aria-describedby=\"caption-attachment-994\" class=\"size-medium wp-image-994\" title=\"Zwei junge Damen und f\u00fcnf junge Herren aus Siegen-Wittgenstein und Olpe geh\u00f6ren zu den erfolgreichsten Teilnehmern des diesj\u00e4hrigen IHK-Landesbestenwettbewerbs in der beruflichen Bildung.\" src=\"http:\/\/www.vdsm.net\/wronline\/wp-content\/uploads\/2012\/11\/131-12-Landesbeste-300x170.jpg\" alt=\"\" width=\"300\" height=\"170\" srcset=\"https:\/\/www.vdsm.net\/wronline\/wp-content\/uploads\/2012\/11\/131-12-Landesbeste-300x170.jpg 300w, https:\/\/www.vdsm.net\/wronline\/wp-content\/uploads\/2012\/11\/131-12-Landesbeste.jpg 800w\" sizes=\"auto, (max-width: 300px) 100vw, 300px\" \/><\/a><p id=\"caption-attachment-994\" class=\"wp-caption-text\">Zwei junge Damen und f\u00fcnf junge Herren aus Siegen-Wittgenstein und Olpe geh\u00f6ren zu den erfolgreichsten Teilnehmern des diesj\u00e4hrigen IHK-Landesbestenwettbewerbs in der beruflichen Bildung.<\/p><\/div>\n<p>Bonn\/Siegen\/Olpe, 8. November 2012. Zwei junge Damen und f\u00fcnf junge Herren aus Siegen-Wittgenstein und Olpe geh\u00f6ren zu den erfolgreichsten Teilnehmern des diesj\u00e4hrigen IHK-Landesbestenwettbewerbs in der beruflichen Bildung. Wolfgang Grie\u00dfl, Pr\u00e4sident der IHK Bonn, zeichnete die sieben Nachwuchskr\u00e4fte f\u00fcr die in den Abschlusspr\u00fcfungen gezeigten Leistungen aus und \u00fcberreichte ihnen ihre Ehrenurkunden sowie eigens zu diesem Zweck erstellte Glastroph\u00e4en. In einer landesweit durchgef\u00fchrten Feierstunde in der Bonner Beethovenhalle hob er in seiner Laudatio vor \u00fcber 1.000 G\u00e4sten hervor, dass im Jahre 2012 landesweit lediglich 237 von rund 79.600 Pr\u00fcfungsteilnehmern der IHK-Abschlusspr\u00fcfungen als Preistr\u00e4ger ausgew\u00e4hlt worden seien: \u201eDamit geh\u00f6ren Sie zu den 0,3 Prozent aller Pr\u00fcflinge in Nordrhein-Westfalen, die die Auszeichnung als Landesbeste erhalten. Dies weist eindrucksvoll nach, welche Leistungskraft Sie am Ende Ihrer Lehrzeit entfaltet haben,\u201c rief Grie\u00dfl den jungen Nachwuchskr\u00e4ften zu. Er zolle ihnen h\u00f6chsten Respekt f\u00fcr ihre herausragenden Leistungen.<\/p>\n<p>Aus der Region wurden folgende Nachwuchskr\u00e4fte ausgezeichnet: Khalid Aouaj, Gie\u00dfereimechaniker (95.10 Punkte), Ohm &amp; H\u00e4hner Metallwerk GmbH &amp; Co. KG, Olpe; Mikael Glenz, Gie\u00dfereimechaniker (95.00 Punkte), Gontermann &#8211; Peipers GmbH, Siegen; Abdurrahman G\u00fcler; Federmacher (95.75 Punkte), Muhr und Bender KG, Attendorn; Julia-Maria Hunold, Mediengestalterin Digital und Print (92.10), DES WAHNSINNS FETTE BEUTE GmbH, Siegen; Eduard Lehmann, Produktionstechnologe (96.42 Punkte), Bombardier Transportation GmbH, Netphen; Boris Lippe, Gie\u00dfereiwerker (97.00 Punkte), START Zeitarbeit GmbH, Siegen; Jana Schweisfurth, Technische Zeichnerin (97.75 Punkte), SMS Siemag AG, Hilchenbach.<\/p>\n<p>IHK-Gesch\u00e4ftsf\u00fchrer Klaus Gr\u00e4bener, der die erfolgreichen Pr\u00fcflinge nach Bonn begleitete, gratulierte den Landesbesten im Namen der Industrie- und Handelskammer Siegen (IHK), hob ihren Vorbildcharakter hervor und \u00fcberreichte ihnen ein Pr\u00e4sent. Zugleich dankte er den Ausbildungsunternehmen und den Berufskollegs: \u201eSolche Leistungen junger Leute sind nur m\u00f6glich, wenn beide Partner im dualen Ausbildungssystem eng kooperieren. Zugleich m\u00fcssen die jungen Menschen mit ebenso viel Talent wie Engagement bei der Sache sein, und das \u00fcber die gesamte Lehrzeit hinweg.\u201c Gr\u00e4bener ermunterte die Preistr\u00e4ger, zuk\u00fcnftig die vor ihnen liegenden beruflichen Herausforderungen mit derselben Zielstrebigkeit anzugehen, mit der sie bereits ihre Lehre absolviert h\u00e4tten. Sie h\u00e4tten Talent, Leistungskraft und Motivation unter Beweis gestellt und sich damit reichlich R\u00fcckenwind f\u00fcr ihre weitere berufliche Entwicklung verschafft.<\/p>\n<p>Die Veranstaltung in Bonn verfolgten neben den 237 erfolgreichen Nachwuchskr\u00e4ften und deren Familien auch die Vertreter der jeweiligen Ausbildungsbetriebe und Berufskollegs. Die Ehrungen waren in ein umfangreiches Show-Programm rund um das Thema \u201eBeethoven\u201c eingebettet, das unter Mitwirkung von Sch\u00fclerinnen und Sch\u00fclern des Ernst-Moritz-Arndt-Gymnasiums aus Bonn gestaltet wurde und den Tag f\u00fcr die Landesbesten zu einem unvergesslichen Erlebnis werden lie\u00df.<\/p>\n","protected":false},"excerpt":{"rendered":"<p>Bonn\/Siegen\/Olpe, 8. November 2012. Zwei junge Damen und f\u00fcnf junge Herren aus Siegen-Wittgenstein und Olpe geh\u00f6ren zu den erfolgreichsten Teilnehmern des diesj\u00e4hrigen IHK-Landesbestenwettbewerbs in der&#8230;<\/p>\n","protected":false},"author":2,"featured_media":994,"comment_status":"open","ping_status":"open","sticky":false,"template":"","format":"standard","meta":{"_jetpack_memberships_contains_paid_content":false,"footnotes":""},"categories":[8],"tags":[],"class_list":["post-993","post","type-post","status-publish","format-standard","has-post-thumbnail","hentry","category-ausbildung"],"jetpack_featured_media_url":"https:\/\/www.vdsm.net\/wronline\/wp-content\/uploads\/2012\/11\/131-12-Landesbeste.jpg","jetpack_sharing_enabled":true,"_links":{"self":[{"href":"https:\/\/www.vdsm.net\/wronline\/wp-json\/wp\/v2\/posts\/993","targetHints":{"allow":["GET"]}}],"collection":[{"href":"https:\/\/www.vdsm.net\/wronline\/wp-json\/wp\/v2\/posts"}],"about":[{"href":"https:\/\/www.vdsm.net\/wronline\/wp-json\/wp\/v2\/types\/post"}],"author":[{"embeddable":true,"href":"https:\/\/www.vdsm.net\/wronline\/wp-json\/wp\/v2\/users\/2"}],"replies":[{"embeddable":true,"href":"https:\/\/www.vdsm.net\/wronline\/wp-json\/wp\/v2\/comments?post=993"}],"version-history":[{"count":3,"href":"https:\/\/www.vdsm.net\/wronline\/wp-json\/wp\/v2\/posts\/993\/revisions"}],"predecessor-version":[{"id":997,"href":"https:\/\/www.vdsm.net\/wronline\/wp-json\/wp\/v2\/posts\/993\/revisions\/997"}],"wp:featuredmedia":[{"embeddable":true,"href":"https:\/\/www.vdsm.net\/wronline\/wp-json\/wp\/v2\/media\/994"}],"wp:attachment":[{"href":"https:\/\/www.vdsm.net\/wronline\/wp-json\/wp\/v2\/media?parent=993"}],"wp:term":[{"taxonomy":"category","embeddable":true,"href":"https:\/\/www.vdsm.net\/wronline\/wp-json\/wp\/v2\/categories?post=993"},{"taxonomy":"post_tag","embeddable":true,"href":"https:\/\/www.vdsm.net\/wronline\/wp-json\/wp\/v2\/tags?post=993"}],"curies":[{"name":"wp","href":"https:\/\/api.w.org\/{rel}","templated":true}]}}