{"id":9913,"date":"2018-07-20T10:17:28","date_gmt":"2018-07-20T08:17:28","guid":{"rendered":"https:\/\/www.vdsm.net\/wronline\/?p=9913"},"modified":"2018-07-19T15:20:12","modified_gmt":"2018-07-19T13:20:12","slug":"digitalisierung-bauhaus-berufliche-bildung","status":"publish","type":"post","link":"https:\/\/www.vdsm.net\/wronline\/digitalisierung-bauhaus-berufliche-bildung\/","title":{"rendered":"Digitalisierung, Bauhaus, berufliche Bildung"},"content":{"rendered":"<p>Wie soll die berufliche Bildung der Zukunft aussehen? Diese Frage wird vom 11. bis 13. M\u00e4rz 2019 bei den \u201e20. Hochschultagen Berufliche Bildung\u201c (HTBB) diskutiert. Zum ersten Mal findet die renommierte Veranstaltung zur Berufsbildungsforschung an der Universit\u00e4t Siegen statt. Thema im n\u00e4chsten Jahr ist die \u201eDigitale Welt \u2013 Bildung und Arbeit in Transformationsgesellschaften im Bauhaus-Jahr\u201c. Die Arbeitsgemeinschaft Berufliche Bildung (AGBB) organisiert die alle zwei Jahre stattfindenden Hochschultage Berufliche Bildung gemeinsam mit der Siegener Berufs- und Wirtschaftsp\u00e4dagogin Prof.\u2018in Dr. Ulrike Buchmann als Ausrichterin.<\/p>\n<p>In der vergangenen Woche traf sich der Beirat der HTBB zur konstituierenden Sitzung, um \u00fcber die Ausrichtung und Programmplanung zu diskutieren. Ziel der HTBB ist es, mit rund 800 AkteurInnen der beruflichen Bildung dar\u00fcber ins Gespr\u00e4ch zu kommen, wie die berufliche Bildung angesichts tiefgreifender gesellschaftlicher Transformationsprozesse gegenw\u00e4rtig und zuk\u00fcnftig ihrer Funktion gerecht werden kann: Welche Herausforderungen sehen die AkteurInnen f\u00fcr die berufliche Bildung angesichts von Entwicklungen, die unter Begriffen wie \u201eWirtschaft 4.0\u201c, \u201eIndustrie 4.0\u201c oder \u201eGesundheit 4.0\u201c zusammengefasst werden? Welche Ideen zur Bew\u00e4ltigung dieser Herausforderungen werden derzeit diskutiert? Welche Gestaltungsperspektiven im Hinblick auf das Handlungsfeld berufliche Bildung und dar\u00fcber hinaus werden in den Blick genommen? Dazu werden insgesamt 18 Fachtagungen und 19 Workshops mit unterschiedlichen Schwerpunkten und AkteurInnen angeboten.<\/p>\n<p>\u201eWir feiern 2019 ein doppeltes Jubil\u00e4um: Zum einen bieten die Hochschultage Berufliche Bildung bereits zum zwanzigsten Mal die M\u00f6glichkeit \u00fcber aktuelle Themen der Berufsbildungsforschung zu diskutieren, zum anderen werden wir die besondere Gelegenheit des 100. Jubil\u00e4ums des Bauhauses nutzen, um uns von den dort entwickelten konzeptionellen Ans\u00e4tzen inspirieren zu lassen\u201c, stellte die Ausrichterin Ulrike Buchmann in der Beiratssitzung heraus. Die zugrundeliegenden handlungsleitenden Prinzipien ermutigten dazu, das Bauhaus als regulative Idee im digitalen Zeitalter neu zu erfinden. Dies bedeute, einen Universalismus zu Grunde zu legen, der Ganzes und Teile relationierbar und damit f\u00fcr alle verstehbar mache, der Umgang mit und die Bearbeitung von gesellschaftlich provozierten Wiederspr\u00fcchen, ein spezifisches Theorie-Praxis-Verh\u00e4ltnis sowie Gestaltung als reale Utopie zu begreifen.<\/p>\n<p>Eine breite Auswahl, die den Beirat begeisterte und zur Mitgestaltung animierte \u2013 ganz im Sinne der Ausrichterin Prof.\u2019in Dr. Buchmann, die neben der Beratung durch das Gremium auch auf die Wirkung der einzelnen Mitglieder als MultiplikatorInnen in der Region setzt. Der Kanzler der Universit\u00e4t Siegen, Ulf Richter, bedankte sich bei Prof.\u2019in Dr. Ulrike Buchmann und ihrem Team f\u00fcr die gelungene programmatische und inhaltliche Planung. \u201eBereits als Frau Buchmann mit der Anfrage der AGBB an das Rektorat herantrat, die Hochschultage Berufliche Bildung an der Universit\u00e4t Siegen auszurichten, haben wir das Potential f\u00fcr die Universit\u00e4t und die Region erkannt. Die Zusammensetzung des Beirats unterstreicht dies. Wir unterst\u00fctzen die Hochschultage an unserer Universit\u00e4t gern.\u201c Der Beirat besteht \u2013 neben dem Vorstand der AGBB und FachkollegInnen weiterer Hochschulstandorte \u2013 unter anderem aus hochkar\u00e4tigen VertreterInnen der Uni Siegen, der Berufskollegs in Siegen und Olpe, der Politik, der Wirtschaft, des Gesundheitswesens, der Stadt Siegen und der Kreise Siegen-Wittgenstein, Olpe und Altenkirchen.<\/p>\n<p>Abgerundet wird das inhaltliche Programm durch eine Auftaktveranstaltung, ein Tagungsfest und eine Abschlussveranstaltung. \u201eDie Ministerin f\u00fcr Schule und Bildung des Landes Nordrhein-Westfalen, Yvonne Gebauer, wird die Schirmherrschaft der Veranstaltung \u00fcbernehmen und zum Auftakt nach Siegen kommen\u201c k\u00fcndigte Ulrike Buchmann an.<\/p>\n","protected":false},"excerpt":{"rendered":"<p>Wie soll die berufliche Bildung der Zukunft aussehen? Diese Frage wird vom 11. bis 13. M\u00e4rz 2019 bei den \u201e20. Hochschultagen Berufliche Bildung\u201c (HTBB) diskutiert&#8230;.<\/p>\n","protected":false},"author":2,"featured_media":7097,"comment_status":"open","ping_status":"open","sticky":false,"template":"","format":"standard","meta":{"_jetpack_memberships_contains_paid_content":false,"footnotes":""},"categories":[8,32,30,34],"tags":[],"class_list":["post-9913","post","type-post","status-publish","format-standard","has-post-thumbnail","hentry","category-ausbildung","category-infos","category-vermischtes","category-termine"],"jetpack_featured_media_url":"https:\/\/www.vdsm.net\/wronline\/wp-content\/uploads\/2017\/07\/uni-siegen.jpg","jetpack_sharing_enabled":true,"_links":{"self":[{"href":"https:\/\/www.vdsm.net\/wronline\/wp-json\/wp\/v2\/posts\/9913","targetHints":{"allow":["GET"]}}],"collection":[{"href":"https:\/\/www.vdsm.net\/wronline\/wp-json\/wp\/v2\/posts"}],"about":[{"href":"https:\/\/www.vdsm.net\/wronline\/wp-json\/wp\/v2\/types\/post"}],"author":[{"embeddable":true,"href":"https:\/\/www.vdsm.net\/wronline\/wp-json\/wp\/v2\/users\/2"}],"replies":[{"embeddable":true,"href":"https:\/\/www.vdsm.net\/wronline\/wp-json\/wp\/v2\/comments?post=9913"}],"version-history":[{"count":1,"href":"https:\/\/www.vdsm.net\/wronline\/wp-json\/wp\/v2\/posts\/9913\/revisions"}],"predecessor-version":[{"id":9914,"href":"https:\/\/www.vdsm.net\/wronline\/wp-json\/wp\/v2\/posts\/9913\/revisions\/9914"}],"wp:featuredmedia":[{"embeddable":true,"href":"https:\/\/www.vdsm.net\/wronline\/wp-json\/wp\/v2\/media\/7097"}],"wp:attachment":[{"href":"https:\/\/www.vdsm.net\/wronline\/wp-json\/wp\/v2\/media?parent=9913"}],"wp:term":[{"taxonomy":"category","embeddable":true,"href":"https:\/\/www.vdsm.net\/wronline\/wp-json\/wp\/v2\/categories?post=9913"},{"taxonomy":"post_tag","embeddable":true,"href":"https:\/\/www.vdsm.net\/wronline\/wp-json\/wp\/v2\/tags?post=9913"}],"curies":[{"name":"wp","href":"https:\/\/api.w.org\/{rel}","templated":true}]}}