{"id":9860,"date":"2018-07-18T14:54:33","date_gmt":"2018-07-18T12:54:33","guid":{"rendered":"https:\/\/www.vdsm.net\/wronline\/?p=9860"},"modified":"2018-07-18T14:55:32","modified_gmt":"2018-07-18T12:55:32","slug":"brancheninitiative-gesundheitswirtschaft-suedwestfalen-unterstuetzt-suedwestfalen-agentur","status":"publish","type":"post","link":"https:\/\/www.vdsm.net\/wronline\/brancheninitiative-gesundheitswirtschaft-suedwestfalen-unterstuetzt-suedwestfalen-agentur\/","title":{"rendered":"Brancheninitiative Gesundheitswirtschaft S\u00fcdwestfalen unterst\u00fctzt S\u00fcdwestfalen Agentur"},"content":{"rendered":"<p style=\"text-align: left;\">Telemedizin, elektronische Patientenakten,\u00a0Medizin-Apps, regionale Gesundheitszentren, Filialpraxen, verst\u00e4rkte\u00a0Vernetzung der Bereiche Medizin, Reha und Pflege \u2013 all das sind Aspekte,\u00a0die in den kommenden Jahren in S\u00fcdwestfalen von gr\u00f6\u00dferer Bedeutung\u00a0werden. Es gilt, die M\u00f6glichkeiten der Digitalisierung zu nutzen und die\u00a0Versorgungsqualit\u00e4t im gesundheitlichen und pflegerischen Bereich\u00a0langfristig zu gew\u00e4hrleisten.<\/p>\n<p>Im Rahmen der REGIONALE 2025 wird es f\u00fcr S\u00fcdwestfalen darum gehen, im\u00a0Handlungsfeld Gesundheit innovative L\u00f6sungsans\u00e4tze zu finden. Die\u00a0Brancheninitiative Gesundheitswirtschaft S\u00fcdwestfalen \/ GWS wird die\u00a0S\u00fcdwestfalen Agentur zuk\u00fcnftig u. a. in den Bereichen Analysen, Projektentwicklung, und Veranstaltungsmanagement unterst\u00fctzen, damit\u00a0k\u00fcnftige Projekte und Vereinbarungen dieses weitreichenden Themengebiets\u00a0die Situation f\u00fcr Patienten, Angeh\u00f6rige und Leistungserbringer aus\u00a0Gesundheit und Pflege nachhaltig verbessern. Beide Institutionen stehen\u00a0f\u00fcr die Prozesse der REGIONALE 2025 im engen fachlichen Austausch und\u00a0haben daf\u00fcr jetzt einen Kooperationsvertrag unterzeichnet.<\/p>\n<p style=\"text-align: left;\">&#8222;Die Herausforderungen sind enorm. Eine alternde Gesellschaft, die Probleme\u00a0f\u00fcr \u00c4rzte Nachfolger zu finden. Ohne E-Health, also den Einsatz digitaler Technologien, werden wir k\u00fcnftig in S\u00fcdwestfalen nicht auskommen. Daf\u00fcr\u00a0m\u00fcssen wir \u00c4ngste abbauen und kluge L\u00f6sungen suchen, die wir in die\u00a0Fl\u00e4che bringen&#8220;, sagt Dr. Stephanie Arens, Leiterin der REGIONALE 2025 bei\u00a0der S\u00fcdwestfalen Agentur GmbH.<\/p>\n<p style=\"text-align: left;\">Die Brancheninitiative Gesundheitswirtschaft S\u00fcdwestfalen \/ GWS wei\u00df um\u00a0erprobte Technologien in der gesundheitlichen und pflegerischen Versorgung,\u00a0weil sie selbst wiederum auf ein breites Netzwerk zur\u00fcckgreifen kann,\u00a0erkl\u00e4rt Gesch\u00e4ftsf\u00fchrerin Nadine Paschmann. &#8222;Unter dem Dach der\u00a0Brancheninitiative engagieren sich Unternehmen der Medizin- und\u00a0Lichttechnik, Kliniken und Dienstleister f\u00fcr die regionale\u00a0 Gesundheitswirtschaft. Wir verstehen uns aber auch Innovationsmotor und\u00a0 wollen unsere Kompetenzen in die REGIONALE 2025 einbringen.&#8220;<\/p>\n<p style=\"text-align: left;\">Die Brancheninitiative \/ GWS und die S\u00fcdwestfalen Agentur starten in ihrem\u00a0 strategischen Zusammenwirken nicht bei Null. Zwischen 2012 und 2015\u00a0 arbeiteten beide im Steuerkreis des Projekts &#8222;Demografiesensible\u00a0 Gesundheitsversorgung im l\u00e4ndlichen Raum &#8211; Innovative Strategien durch\u00a0 Vernetzung&#8220; (StrateGIN) zusammen. Und zwar mit Akteuren aus Gesundheit und\u00a0Pflege, Krankenh\u00e4usern, \u00c4rzteschaft, Kommunen, Hochschulen und\u00a0Wirtschaftsf\u00f6rderungen. Im Ergebnis erwuchsen daraus ein Fahrplan und ein\u00a0Grundsatzpapier mit Perspektiven f\u00fcr die gesundheitliche und pflegerische\u00a0Versorgung in S\u00fcdwestfalen. Unter Federf\u00fchrung der Brancheninitiative\u00a0arbeitet der Steuerkreis seitdem kontinuierlich daran, das Thema\u00a0\u201eGesundheit im l\u00e4ndlichen Raum\u201c voranzubringen und hat die\u00a0 S\u00fcdwestfalen Agentur auch schon bei der Bewerbung f\u00fcr die REGIONALE 2025\u00a0unterst\u00fctzt.<\/p>\n","protected":false},"excerpt":{"rendered":"<p>Telemedizin, elektronische Patientenakten,\u00a0Medizin-Apps, regionale Gesundheitszentren, Filialpraxen, verst\u00e4rkte\u00a0Vernetzung der Bereiche Medizin, Reha und Pflege \u2013 all das sind Aspekte,\u00a0die in den kommenden Jahren in S\u00fcdwestfalen von&#8230;<\/p>\n","protected":false},"author":6,"featured_media":9869,"comment_status":"open","ping_status":"open","sticky":false,"template":"","format":"standard","meta":{"_jetpack_memberships_contains_paid_content":false,"footnotes":""},"categories":[32,30],"tags":[],"class_list":["post-9860","post","type-post","status-publish","format-standard","has-post-thumbnail","hentry","category-infos","category-vermischtes"],"jetpack_featured_media_url":"https:\/\/www.vdsm.net\/wronline\/wp-content\/uploads\/2018\/07\/Bild_Kooperation_Gesundheit_WEB.jpg","jetpack_sharing_enabled":true,"_links":{"self":[{"href":"https:\/\/www.vdsm.net\/wronline\/wp-json\/wp\/v2\/posts\/9860","targetHints":{"allow":["GET"]}}],"collection":[{"href":"https:\/\/www.vdsm.net\/wronline\/wp-json\/wp\/v2\/posts"}],"about":[{"href":"https:\/\/www.vdsm.net\/wronline\/wp-json\/wp\/v2\/types\/post"}],"author":[{"embeddable":true,"href":"https:\/\/www.vdsm.net\/wronline\/wp-json\/wp\/v2\/users\/6"}],"replies":[{"embeddable":true,"href":"https:\/\/www.vdsm.net\/wronline\/wp-json\/wp\/v2\/comments?post=9860"}],"version-history":[{"count":11,"href":"https:\/\/www.vdsm.net\/wronline\/wp-json\/wp\/v2\/posts\/9860\/revisions"}],"predecessor-version":[{"id":9873,"href":"https:\/\/www.vdsm.net\/wronline\/wp-json\/wp\/v2\/posts\/9860\/revisions\/9873"}],"wp:featuredmedia":[{"embeddable":true,"href":"https:\/\/www.vdsm.net\/wronline\/wp-json\/wp\/v2\/media\/9869"}],"wp:attachment":[{"href":"https:\/\/www.vdsm.net\/wronline\/wp-json\/wp\/v2\/media?parent=9860"}],"wp:term":[{"taxonomy":"category","embeddable":true,"href":"https:\/\/www.vdsm.net\/wronline\/wp-json\/wp\/v2\/categories?post=9860"},{"taxonomy":"post_tag","embeddable":true,"href":"https:\/\/www.vdsm.net\/wronline\/wp-json\/wp\/v2\/tags?post=9860"}],"curies":[{"name":"wp","href":"https:\/\/api.w.org\/{rel}","templated":true}]}}