{"id":9746,"date":"2018-07-11T09:08:16","date_gmt":"2018-07-11T07:08:16","guid":{"rendered":"https:\/\/www.vdsm.net\/wronline\/?p=9746"},"modified":"2018-07-10T16:13:17","modified_gmt":"2018-07-10T14:13:17","slug":"grosser-zuspruch-fuer-projekte","status":"publish","type":"post","link":"https:\/\/www.vdsm.net\/wronline\/grosser-zuspruch-fuer-projekte\/","title":{"rendered":"Gro\u00dfer Zuspruch f\u00fcr Projekte"},"content":{"rendered":"<p>&#8222;Wir werden als S\u00fcdwestfalen Schritt f\u00fcr Schritt jeden Tag mehr wahrgenommen \u2013 in D\u00fcsseldorf, in Berlin und innerhalb der Region.&#8220; Dr. Michael Schulte Strathaus, Vorsitzender des Vereins &#8222;Wirtschaft f\u00fcr S\u00fcdwestfalen&#8220;, zeigte sich sehr zufrieden bei der Mitgliederversammlung des Vereins in den R\u00e4umen der Siegener IHK. Der Verein ist gr\u00f6\u00dfter Gesellschafter der S\u00fcdwestfalen Agentur GmbH und &#8222;Motor&#8220; des Regionalmarketings, deren Ziel es ist, S\u00fcdwestfalen als Marke und wirtschaftsstarke wie lebenswerte Region in der \u00f6ffentlichen Wahrnehmung zu etablieren.<\/p>\n<p>Aus Sicht der Mitglieder ist das innerhalb kurzer Zeit bereits eindrucksvoll gelungen. Siegen-Wittgensteins Landrat Andreas M\u00fcller, aktuell Aufsichtsratsvorsitzender der S\u00fcdwestfalen Agentur GmbH, sieht das begr\u00fcndet im regionalen Zusammenhalt. &#8222;S\u00fcdwestfalen ist eine fantastische Erfolgsgeschichte. Durch die einzigartige Zusammenarbeit von Politik und Wirtschaft und die konsequente Arbeit des Regionalmarketings haben wir es auf die politische Landkarte geschafft. Wir sind eine Region, die man im Blick hat und deren Interessen von Bedeutung sind.&#8220;<\/p>\n<p>Inzwischen sind \u00fcber 300 Unternehmen, Betriebe und Institutionen Mitglied im Verein &#8222;Wirtschaft f\u00fcr S\u00fcdwestfalen&#8220;. Sie schieben aus voller \u00dcberzeugung das Marketing in der Region an. Durch ihr Zutrauen kann sich die S\u00fcdwestfalen Agentur darum k\u00fcmmern, Fach- und F\u00fchrungskr\u00e4fte f\u00fcr die Region zu gewinnen. Etwa durch Pr\u00e4senz auf Messen, den Aufbau von Netzwerken, Arbeitgebermarketing-Trainings, interregionale Kooperationen und innovative Projekte. Gro\u00dfen Zuspruch erhielt auf der Mitgliederversammlung unter anderem das &#8222;Gap Year S\u00fcdwestfalen&#8220;: ein Programm, das jungen Leuten erm\u00f6glicht, in einem Jahr drei Unternehmen kennenzulernen und sich ihr individuelles Praxisjahr zusammenzustellen. &#8222;Das ist der Wirtschaftsstandort S\u00fcdwestfalen zum Ausprobieren und die Chance, einen Einblick zu bekommen, wie die Region tickt&#8220;, sagte Landrat M\u00fcller.<\/p>\n<p>Regionalmarketing-Leiterin Marie Ting bedankte sich f\u00fcr das Vertrauen der Unternehmen und ihre Bereitschaft, Projekte wie das &#8222;Gap Year S\u00fcdwestfalen&#8220; aktiv zu unterst\u00fctzen. Sie stellte klar: &#8222;Wir wissen noch nicht, wie erfolgreich das Projekt wird, aber es w\u00e4re falsch, es nicht zu versuchen.&#8220;<\/p>\n<p>Auf den ersten Blick vielleicht \u00fcberraschend war der Abschluss der Mitgliederversammlung. Dirk L\u00fcer\u00dfen, Gesch\u00e4ftsf\u00fchrer der &#8222;Wachstumsregion Ems-Achse&#8220; erlaubte einen Einblick \u00fcber den Deichrand zu ostfriesischen Marketingma\u00dfnahmen. &#8222;Ich sehe immer wieder Parallelen unserer Regionen, obwohl wir so unterschiedlich sind&#8220;, trug L\u00fcer\u00dfen vor. Die Ems-Achse ist stark im Tourismus und als Industriestandort &#8211; wie S\u00fcdwestfalen.<\/p>\n<p>Zwar ist die Ems-Achse schon l\u00e4nger im Verbund aktiv als S\u00fcdwestfalen, aber L\u00fcer\u00dfen lobte das Regionalmarketing S\u00fcdwestfalens. &#8222;Ich finde immer etwas, das wir uns abgucken k\u00f6nnen.&#8220; Andersherum aber ist es genauso. Die Wege der Akteure von S\u00fcdwestfalen Agentur und Ems-Achse kreuzen sich seit Jahren immer wieder, nicht zuletzt aufgrund der gleichen Einstellung zu Arbeitsweise und dem Umgang mit Herausforderungen: Nicht nur Wehklagen, sondern selbst Anpacken.<\/p>\n","protected":false},"excerpt":{"rendered":"<p>&#8222;Wir werden als S\u00fcdwestfalen Schritt f\u00fcr Schritt jeden Tag mehr wahrgenommen \u2013 in D\u00fcsseldorf, in Berlin und innerhalb der Region.&#8220; Dr. Michael Schulte Strathaus, Vorsitzender&#8230;<\/p>\n","protected":false},"author":2,"featured_media":9747,"comment_status":"open","ping_status":"open","sticky":false,"template":"","format":"standard","meta":{"_jetpack_memberships_contains_paid_content":false,"footnotes":""},"categories":[32,30,11],"tags":[],"class_list":["post-9746","post","type-post","status-publish","format-standard","has-post-thumbnail","hentry","category-infos","category-vermischtes","category-regionale-wirtschaft"],"jetpack_featured_media_url":"https:\/\/www.vdsm.net\/wronline\/wp-content\/uploads\/2018\/07\/mv-wfs.jpg","jetpack_sharing_enabled":true,"_links":{"self":[{"href":"https:\/\/www.vdsm.net\/wronline\/wp-json\/wp\/v2\/posts\/9746","targetHints":{"allow":["GET"]}}],"collection":[{"href":"https:\/\/www.vdsm.net\/wronline\/wp-json\/wp\/v2\/posts"}],"about":[{"href":"https:\/\/www.vdsm.net\/wronline\/wp-json\/wp\/v2\/types\/post"}],"author":[{"embeddable":true,"href":"https:\/\/www.vdsm.net\/wronline\/wp-json\/wp\/v2\/users\/2"}],"replies":[{"embeddable":true,"href":"https:\/\/www.vdsm.net\/wronline\/wp-json\/wp\/v2\/comments?post=9746"}],"version-history":[{"count":2,"href":"https:\/\/www.vdsm.net\/wronline\/wp-json\/wp\/v2\/posts\/9746\/revisions"}],"predecessor-version":[{"id":9749,"href":"https:\/\/www.vdsm.net\/wronline\/wp-json\/wp\/v2\/posts\/9746\/revisions\/9749"}],"wp:featuredmedia":[{"embeddable":true,"href":"https:\/\/www.vdsm.net\/wronline\/wp-json\/wp\/v2\/media\/9747"}],"wp:attachment":[{"href":"https:\/\/www.vdsm.net\/wronline\/wp-json\/wp\/v2\/media?parent=9746"}],"wp:term":[{"taxonomy":"category","embeddable":true,"href":"https:\/\/www.vdsm.net\/wronline\/wp-json\/wp\/v2\/categories?post=9746"},{"taxonomy":"post_tag","embeddable":true,"href":"https:\/\/www.vdsm.net\/wronline\/wp-json\/wp\/v2\/tags?post=9746"}],"curies":[{"name":"wp","href":"https:\/\/api.w.org\/{rel}","templated":true}]}}