{"id":9571,"date":"2018-06-28T10:24:04","date_gmt":"2018-06-28T08:24:04","guid":{"rendered":"https:\/\/www.vdsm.net\/wronline\/?p=9571"},"modified":"2018-06-28T10:24:04","modified_gmt":"2018-06-28T08:24:04","slug":"erste-zukunftswerkstatt-ausbildung-im-kreis-olpe","status":"publish","type":"post","link":"https:\/\/www.vdsm.net\/wronline\/erste-zukunftswerkstatt-ausbildung-im-kreis-olpe\/","title":{"rendered":"Erste \u201eZukunftswerkstatt Ausbildung\u201c im Kreis Olpe"},"content":{"rendered":"<div class=\"einleitung\">\n<div>\n<p>Was macht gute Berufsorientierung aus? Muss ich wirklich studieren, wenn ich Abitur mache? Brauche ich wirklich einen h\u00f6heren Abschluss um beruflich erfolgreich zu sein? Diese und weitere Fragen standen im Mittelpunkt der ersten \u201eZukunftswerkstatt Ausbildung\u201c zu der der Kreis Olpe gemeinsam mit weiteren Institutionen wie Industrie- und Handelskammer, Arbeitgeberverband; Agentur f\u00fcr Arbeit, Gewerkschaften, Handwerkskammer, S\u00fcdwestfalen Agentur und Universit\u00e4t Siegen eingeladen hatte. Ziel der Veranstaltung war es, pers\u00f6nliche Erfahrungen zu den Themen Berufsorientierung und Ausbildung auszutauschen, Probleme, aber auch Chancen aufzudecken und Impulse f\u00fcr eine gemeinsame Strategie zur Attraktivit\u00e4tssteigerung der dualen Berufsausbildung im Kreis Olpe zu entwickeln.<\/p>\n<\/div>\n<\/div>\n<div>\n<p>\u201eDie duale Berufsausbildung in Deutschland hat weltweit einen guten Ruf. Insbesondere die Verbindung von praktischer Arbeit und theoretischem Unterricht macht sie zum Flaggschiff des deutschen Bildungssystems. Durch den starken Praxisbezug sind Jugendliche von Beginn an bestens f\u00fcr die sich wandelnden Anforderungen in der Arbeitswelt ger\u00fcstet. Das schafft f\u00fcr junge Menschen \u2013 vor allem hier in der nordrhein-westf\u00e4lischen Industrieregion Nr. 1 \u2013 einen erfolgversprechenden Weg von der Schule in das Erwerbsleben\u201c, machte Landrat Frank Beckehoff in seiner Er\u00f6ffnungsrede den rund 90 Teilnehmern der Zukunftswerkstatt deutlich und betonte: \u201eF\u00fcr den Kreis Olpe hat die Attraktivit\u00e4tssteigerung der dualen Ausbildung hohe Priorit\u00e4t. Denn wir sind besonders auf gut ausgebildete, beruflich qualifizierte Fachkr\u00e4fte angewiesen.\u201c<\/p>\n<p>Simone Stuhrmann, Bereichsleiterin der Agentur f\u00fcr Arbeit Siegen, referierte \u00fcber die aktuelle Situation am hiesigen Ausbildungsmarkt und zeigte auf, dass die Wirtschaft im Kreis Olpe auf das duale System baue und sehr viel in die Ausbildung von jungen Menschen investiere. \u201eAber bereits jetzt ist die Situation so, dass Betriebe zwar ausbilden wollen, aber offene Ausbildungsstellen oftmals aufgrund geringer werdender Nachfrage der Jugendlichen nicht mehr besetzen k\u00f6nnen\u201c, so Stuhrmann.\u00a0Lukas Kroll von der Kommunalen Koordinierungsstelle des Kreises kn\u00fcpfte mit seiner Blitzumfrage Ausbildung daran an: \u201eFestzustellen ist, dass immer mehr Sch\u00fcler im Prozess der Berufsorientierung nur noch einen Weg als erstrebenswert ansehen: Den Weg \u00fcber das Abitur an die Hochschule und dann in den Beruf.\u201c<\/p>\n<p>Ausbildungsleiter, Betriebsr\u00e4te, Auszubildende, Lehrkr\u00e4fte und Eltern widmeten sich in einem ersten Workshop der Frage, was gute Berufsorientierung ausmacht. Sowohl die Berufsfelderkundungen und Sch\u00fclerpraktika, als auch die intensiven Kooperationen zwischen Schulen und Unternehmen kamen bei den Beteiligten gut an. Die Zusammenarbeit und Unterst\u00fctzung der Eltern im Berufsorientierungsprozess der jungen Menschen sollte jedoch k\u00fcnftig verst\u00e4rkt in den Blick genommen werden.<\/p>\n<p>Erste Anhaltspunkte zur Attraktivit\u00e4tssteigerung der dualen Berufsausbildung lieferten die Anwesenden ebenfalls: Die Wertigkeit der Ausbildung sowie die vielf\u00e4ltigen Karrierem\u00f6glichkeiten und Perspektiven mit einer dualen Ausbildung m\u00fcssten insgesamt bekannter werden. Jedoch zeigten auch R\u00fcckmeldungen einzelner Lehrkr\u00e4fte, dass die Bereitschaft von Unternehmen, Bewerber mit Hauptschul- und Realschulabschluss einzustellen, verst\u00e4rkt werden m\u00fcsse.<\/p>\n<p>\u201eMit der \u201eZukunftswerkstatt Ausbildung\u201c ist es uns gelungen, viele gute Impulse f\u00fcr eine Ausbildungsoffensive zu bekommen. Jetzt gilt es, den n\u00e4chsten Schritt zu gehen und ein konkretes Handlungsprogramm zu entwickeln\u201c, so das Fazit von Lukas Kroll.<\/p>\n<\/div>\n","protected":false},"excerpt":{"rendered":"<p>Was macht gute Berufsorientierung aus? Muss ich wirklich studieren, wenn ich Abitur mache? Brauche ich wirklich einen h\u00f6heren Abschluss um beruflich erfolgreich zu sein? Diese&#8230;<\/p>\n","protected":false},"author":2,"featured_media":9572,"comment_status":"open","ping_status":"open","sticky":false,"template":"","format":"standard","meta":{"_jetpack_newsletter_access":"","_jetpack_dont_email_post_to_subs":false,"_jetpack_newsletter_tier_id":0,"_jetpack_memberships_contains_paywalled_content":false,"_jetpack_feature_clip_id":0,"_jetpack_memberships_contains_paid_content":false,"footnotes":"","jetpack_post_was_ever_published":false},"categories":[1,8,32,30],"tags":[],"class_list":["post-9571","post","type-post","status-publish","format-standard","has-post-thumbnail","hentry","category-aktuell","category-ausbildung","category-infos","category-vermischtes"],"jetpack_sharing_enabled":true,"jetpack_featured_media_url":"https:\/\/www.vdsm.net\/wronline\/wp-content\/uploads\/2018\/06\/zukunftswerkstatt-olpe.jpg","_links":{"self":[{"href":"https:\/\/www.vdsm.net\/wronline\/wp-json\/wp\/v2\/posts\/9571","targetHints":{"allow":["GET"]}}],"collection":[{"href":"https:\/\/www.vdsm.net\/wronline\/wp-json\/wp\/v2\/posts"}],"about":[{"href":"https:\/\/www.vdsm.net\/wronline\/wp-json\/wp\/v2\/types\/post"}],"author":[{"embeddable":true,"href":"https:\/\/www.vdsm.net\/wronline\/wp-json\/wp\/v2\/users\/2"}],"replies":[{"embeddable":true,"href":"https:\/\/www.vdsm.net\/wronline\/wp-json\/wp\/v2\/comments?post=9571"}],"version-history":[{"count":1,"href":"https:\/\/www.vdsm.net\/wronline\/wp-json\/wp\/v2\/posts\/9571\/revisions"}],"predecessor-version":[{"id":9573,"href":"https:\/\/www.vdsm.net\/wronline\/wp-json\/wp\/v2\/posts\/9571\/revisions\/9573"}],"wp:featuredmedia":[{"embeddable":true,"href":"https:\/\/www.vdsm.net\/wronline\/wp-json\/wp\/v2\/media\/9572"}],"wp:attachment":[{"href":"https:\/\/www.vdsm.net\/wronline\/wp-json\/wp\/v2\/media?parent=9571"}],"wp:term":[{"taxonomy":"category","embeddable":true,"href":"https:\/\/www.vdsm.net\/wronline\/wp-json\/wp\/v2\/categories?post=9571"},{"taxonomy":"post_tag","embeddable":true,"href":"https:\/\/www.vdsm.net\/wronline\/wp-json\/wp\/v2\/tags?post=9571"}],"curies":[{"name":"wp","href":"https:\/\/api.w.org\/{rel}","templated":true}]}}