{"id":9568,"date":"2018-06-28T10:13:13","date_gmt":"2018-06-28T08:13:13","guid":{"rendered":"https:\/\/www.vdsm.net\/wronline\/?p=9568"},"modified":"2018-07-02T15:32:25","modified_gmt":"2018-07-02T13:32:25","slug":"konjunkturklima-im-gastgewerbe-auf-der-sonnenseite","status":"publish","type":"post","link":"https:\/\/www.vdsm.net\/wronline\/konjunkturklima-im-gastgewerbe-auf-der-sonnenseite\/","title":{"rendered":"Konjunkturklima im Gastgewerbe auf der Sonnenseite"},"content":{"rendered":"<p>Das Konjunkturklima des heimischen Gastgewerbes ist mit einem Index von 139 Punkten auf dem h\u00f6chsten Stand seit sieben Jahren. Gegen\u00fcber dem Vorjahr bedeutet das einen deutlichen Anstieg um 18 Punkte. \u00dcber die H\u00e4lfte der befragten Unternehmen im IHK-Bezirk meldet derzeit eine gute Lage, rund jedes Dritte erwartet in den kommenden Monaten eine bessere Entwicklung. Die gute Stimmung zeigt sich im Beherbergungsgewerbe genauso wie im Gastronomiebereich. Beg\u00fcnstigt wird sie durch die allgemeine Konsumfreude, den fr\u00fchen Sommerbeginn im Mai und den Start der Fu\u00dfballweltmeisterschaft. Trotz des Stimmungshochs sehen die Unternehmen den Fachkr\u00e4ftemangel insgesamt als gr\u00f6\u00dften Risikofaktor. Als Unsicherheiten f\u00fcr die weitere konjunkturelle Entwicklung z\u00e4hlen die Betriebe zudem die Arbeitskosten sowie die Energie- und Rohstoffpreise auf. Dies ergab die j\u00fcngste Umfrage der Industrie- und Handelskammer Siegen (IHK), an der sich mehr als 50 Unternehmen aus den Kreisen Olpe und Siegen-Wittgenstein beteiligten.<\/p>\n<p>\u201eDas gute Wetter im Fr\u00fchsommer und die laufende Fu\u00dfball-WM haben sich besonders positiv auf die Stimmung der Gastronomen (Restaurants, Caf\u00e9s, Imbisse, Caterer, Gastwirtschaften oder Gastst\u00e4tten) im IHK-Bezirk ausgewirkt\u201c, erl\u00e4utert IHK-Gesch\u00e4ftsf\u00fchrer Hans-Peter Langer. \u00dcber die H\u00e4lfte der Betriebe stufe die derzeitige Lage als gut ein, kaum einer als schlecht. Ein Drittel setze in den n\u00e4chsten Monaten zudem auf bessere Gesch\u00e4fte. Fast genauso viele h\u00e4tten zuletzt auch schon bessere Ums\u00e4tze erzielt.<\/p>\n<p>Im regionalen Beherbergungsgewerbe (Hotels, Pensionen, Ferienh\u00e4user oder Campingbetriebe) hat sich die Stimmung im Vergleich zum Vorjahr ebenso deutlich verbessert: Fast sieben von zehn Betrieben beurteilen ihre derzeitige Lage als gut. Eine g\u00fcnstigere Gesch\u00e4ftslage in naher Zukunft erwartet dar\u00fcber hinaus knapp ein Drittel. Hauptgrund f\u00fcr die positive Stimmung der Branche sind laut Langer die \u00fcberwiegend gestiegenen \u00dcbernachtungszahlen: Der Kreis Siegen-Wittgenstein verzeichnet f\u00fcr das erste Quartal 2018 ein Plus von 3,7 Prozent. Das Hauptsegment der Hotels mit 64.123 \u00dcbernachtungen verbucht einen Zuwachs von 3,6 Prozent. Starke Anstiege verzeichnen zudem die Hotel garnis (14.990 \u00dcbernachtungen) mit 78,4 Prozent sowie die Pensionen (3828 \u00dcbernachtungen) mit 39,0 Prozent.<\/p>\n<p>\u201eDie Statistik weist f\u00fcr die \u00dcbernachtungszahlen im Kreis Olpe in den ersten drei Monaten dieses Jahres zwar einen R\u00fcckgang von 0,6 Prozent aus. Die \u00dcbernachtungen bewegen sich damit aber weiterhin auf hohem Niveau, denn im vergangenen Jahr war das Plus au\u00dferordentlich hoch ausgefallen\u201c, unterstreicht Hans-Peter Langer. Zudem wiesen die Hotels als gewichtigster Beherbergungsbereich im Kreis Olpe mit 61.423 \u00dcbernachtungen ein Plus von 1,8 Prozent auf. Das Segment Ferienh\u00e4user, -wohnungen und -zentren (7551 \u00dcbernachtungen) konnte im S\u00fcdsauerland mit einem Plus von 93,7 Prozent am deutlichsten zulegen. Dar\u00fcber hinaus best\u00e4tigt der Anstieg von 25,8 Prozent bei den Campingpl\u00e4tzen (2699 \u00dcbernachtungen) weiterhin den generellen Trend zu mehr Camping- und Reisemobilurlauben.<\/p>\n","protected":false},"excerpt":{"rendered":"<p>Das Konjunkturklima des heimischen Gastgewerbes ist mit einem Index von 139 Punkten auf dem h\u00f6chsten Stand seit sieben Jahren. Gegen\u00fcber dem Vorjahr bedeutet das einen&#8230;<\/p>\n","protected":false},"author":2,"featured_media":9569,"comment_status":"open","ping_status":"open","sticky":false,"template":"","format":"standard","meta":{"_jetpack_newsletter_access":"","_jetpack_dont_email_post_to_subs":false,"_jetpack_newsletter_tier_id":0,"_jetpack_memberships_contains_paywalled_content":false,"_jetpack_feature_clip_id":0,"_jetpack_memberships_contains_paid_content":false,"footnotes":"","jetpack_post_was_ever_published":false},"categories":[32,11],"tags":[],"class_list":["post-9568","post","type-post","status-publish","format-standard","has-post-thumbnail","hentry","category-infos","category-regionale-wirtschaft"],"jetpack_sharing_enabled":true,"jetpack_featured_media_url":"https:\/\/www.vdsm.net\/wronline\/wp-content\/uploads\/2018\/06\/chairs-1169692_1920.jpg","_links":{"self":[{"href":"https:\/\/www.vdsm.net\/wronline\/wp-json\/wp\/v2\/posts\/9568","targetHints":{"allow":["GET"]}}],"collection":[{"href":"https:\/\/www.vdsm.net\/wronline\/wp-json\/wp\/v2\/posts"}],"about":[{"href":"https:\/\/www.vdsm.net\/wronline\/wp-json\/wp\/v2\/types\/post"}],"author":[{"embeddable":true,"href":"https:\/\/www.vdsm.net\/wronline\/wp-json\/wp\/v2\/users\/2"}],"replies":[{"embeddable":true,"href":"https:\/\/www.vdsm.net\/wronline\/wp-json\/wp\/v2\/comments?post=9568"}],"version-history":[{"count":1,"href":"https:\/\/www.vdsm.net\/wronline\/wp-json\/wp\/v2\/posts\/9568\/revisions"}],"predecessor-version":[{"id":9570,"href":"https:\/\/www.vdsm.net\/wronline\/wp-json\/wp\/v2\/posts\/9568\/revisions\/9570"}],"wp:featuredmedia":[{"embeddable":true,"href":"https:\/\/www.vdsm.net\/wronline\/wp-json\/wp\/v2\/media\/9569"}],"wp:attachment":[{"href":"https:\/\/www.vdsm.net\/wronline\/wp-json\/wp\/v2\/media?parent=9568"}],"wp:term":[{"taxonomy":"category","embeddable":true,"href":"https:\/\/www.vdsm.net\/wronline\/wp-json\/wp\/v2\/categories?post=9568"},{"taxonomy":"post_tag","embeddable":true,"href":"https:\/\/www.vdsm.net\/wronline\/wp-json\/wp\/v2\/tags?post=9568"}],"curies":[{"name":"wp","href":"https:\/\/api.w.org\/{rel}","templated":true}]}}