{"id":9514,"date":"2018-06-21T10:02:38","date_gmt":"2018-06-21T08:02:38","guid":{"rendered":"https:\/\/www.vdsm.net\/wronline\/?p=9514"},"modified":"2018-06-21T10:02:38","modified_gmt":"2018-06-21T08:02:38","slug":"karriereziel-selbstaendigkeit-3","status":"publish","type":"post","link":"https:\/\/www.vdsm.net\/wronline\/karriereziel-selbstaendigkeit-3\/","title":{"rendered":"Karriereziel Selbst\u00e4ndigkeit"},"content":{"rendered":"<p>Am 6. Juli 2018 gibt es bei der Industrie- und Handelskammer Siegen (IHK) kompakte Informationen f\u00fcr Menschen, die sich selbst\u00e4ndig machen wollen. Welche Voraussetzungen daf\u00fcr zu erf\u00fcllen sind, welche Rahmenbedingungen gelten und wie das \u201cGr\u00fcnden\u201c \u00fcberhaupt geht, erfahren Interessierte im \u201eBasisseminar f\u00fcr Existenzgr\u00fcnder\/-innen\u201c. Die Expertinnen der IHK beantworten zahlreiche Fragen, die Gr\u00fcnder umtreiben. Eine gute Idee allein reicht f\u00fcr den Erfolg leider oft nicht aus. Existenzgr\u00fcnder m\u00fcssen auf viele Dinge achten, um von Anfang an auf Erfolgskurs zu sein. Gr\u00fcnder lernen, die Marktchancen der Gesch\u00e4ftsidee und ihr Finanzierungskonzept auf Herz und Nieren zu pr\u00fcfen. Sie erhalten Anhaltspunkte f\u00fcr Verbesserungen, notwendige Schritte und Hilfestellungen. Das Seminar gibt Hinweise, welche Fragen der Businessplan beantworten und mit welchen Inhalten das Unternehmenskonzept hinterlegt werden sollte. Und die Teilnehmerinnen und Teilnehmer erfahren, wo und wie sie weitere Unterst\u00fctzung bekommen.<\/p>\n<p>Die Veranstaltung findet in der IHK Siegen, Koblenzer Stra\u00dfe 121, 57072 Siegen statt. Interessierte k\u00f6nnen sich hier anmelden: <a href=\"https:\/\/events.ihk-siegen.de\/termine\/114\/\" target=\"_blank\" rel=\"noopener\">https:\/\/events.ihk-siegen.de\/termine\/114\/<\/a><\/p>\n<p>Weitere Informationen zu Existenzgr\u00fcndung und Selbst\u00e4ndigkeit gibt es unter <a href=\"http:\/\/www.ihk-siegen.de\/\" target=\"_blank\" rel=\"noopener\">www.ihk-siegen.de<\/a>.<\/p>\n","protected":false},"excerpt":{"rendered":"<p>Am 6. Juli 2018 gibt es bei der Industrie- und Handelskammer Siegen (IHK) kompakte Informationen f\u00fcr Menschen, die sich selbst\u00e4ndig machen wollen. Welche Voraussetzungen daf\u00fcr&#8230;<\/p>\n","protected":false},"author":2,"featured_media":4018,"comment_status":"open","ping_status":"open","sticky":false,"template":"","format":"standard","meta":{"_jetpack_newsletter_access":"","_jetpack_dont_email_post_to_subs":false,"_jetpack_newsletter_tier_id":0,"_jetpack_memberships_contains_paywalled_content":false,"_jetpack_feature_clip_id":0,"_jetpack_memberships_contains_paid_content":false,"footnotes":"","jetpack_post_was_ever_published":false},"categories":[32,30,34],"tags":[],"class_list":["post-9514","post","type-post","status-publish","format-standard","has-post-thumbnail","hentry","category-infos","category-vermischtes","category-termine"],"jetpack_sharing_enabled":true,"jetpack_featured_media_url":"https:\/\/www.vdsm.net\/wronline\/wp-content\/uploads\/2016\/06\/wronline-ihk.jpg","_links":{"self":[{"href":"https:\/\/www.vdsm.net\/wronline\/wp-json\/wp\/v2\/posts\/9514","targetHints":{"allow":["GET"]}}],"collection":[{"href":"https:\/\/www.vdsm.net\/wronline\/wp-json\/wp\/v2\/posts"}],"about":[{"href":"https:\/\/www.vdsm.net\/wronline\/wp-json\/wp\/v2\/types\/post"}],"author":[{"embeddable":true,"href":"https:\/\/www.vdsm.net\/wronline\/wp-json\/wp\/v2\/users\/2"}],"replies":[{"embeddable":true,"href":"https:\/\/www.vdsm.net\/wronline\/wp-json\/wp\/v2\/comments?post=9514"}],"version-history":[{"count":1,"href":"https:\/\/www.vdsm.net\/wronline\/wp-json\/wp\/v2\/posts\/9514\/revisions"}],"predecessor-version":[{"id":9515,"href":"https:\/\/www.vdsm.net\/wronline\/wp-json\/wp\/v2\/posts\/9514\/revisions\/9515"}],"wp:featuredmedia":[{"embeddable":true,"href":"https:\/\/www.vdsm.net\/wronline\/wp-json\/wp\/v2\/media\/4018"}],"wp:attachment":[{"href":"https:\/\/www.vdsm.net\/wronline\/wp-json\/wp\/v2\/media?parent=9514"}],"wp:term":[{"taxonomy":"category","embeddable":true,"href":"https:\/\/www.vdsm.net\/wronline\/wp-json\/wp\/v2\/categories?post=9514"},{"taxonomy":"post_tag","embeddable":true,"href":"https:\/\/www.vdsm.net\/wronline\/wp-json\/wp\/v2\/tags?post=9514"}],"curies":[{"name":"wp","href":"https:\/\/api.w.org\/{rel}","templated":true}]}}