{"id":942,"date":"2012-10-30T10:10:35","date_gmt":"2012-10-30T09:10:35","guid":{"rendered":"http:\/\/www.vdsm.net\/wronline\/?p=942"},"modified":"2012-10-30T10:10:57","modified_gmt":"2012-10-30T09:10:57","slug":"herbst-bringt-leichte-belebung-auf-dem-arbeitsmarkt","status":"publish","type":"post","link":"https:\/\/www.vdsm.net\/wronline\/herbst-bringt-leichte-belebung-auf-dem-arbeitsmarkt\/","title":{"rendered":"Herbst bringt leichte Belebung auf dem Arbeitsmarkt"},"content":{"rendered":"<div id=\"attachment_840\" style=\"width: 310px\" class=\"wp-caption alignleft\"><a href=\"http:\/\/www.vdsm.net\/wronline\/wp-content\/uploads\/2012\/08\/007_AA_Siegen_Dr.Bettina_Wolf_Metall.jpg\"><img loading=\"lazy\" decoding=\"async\" aria-describedby=\"caption-attachment-840\" class=\"size-medium wp-image-840\" title=\"Dr. Bettina Wolf, Vorsitzende der Gesch\u00e4ftsf\u00fchrung der Agentur f\u00fcr Arbeit Siegen.\" src=\"http:\/\/www.vdsm.net\/wronline\/wp-content\/uploads\/2012\/08\/007_AA_Siegen_Dr.Bettina_Wolf_Metall-300x207.jpg\" alt=\"\" width=\"300\" height=\"207\" srcset=\"https:\/\/www.vdsm.net\/wronline\/wp-content\/uploads\/2012\/08\/007_AA_Siegen_Dr.Bettina_Wolf_Metall-300x207.jpg 300w, https:\/\/www.vdsm.net\/wronline\/wp-content\/uploads\/2012\/08\/007_AA_Siegen_Dr.Bettina_Wolf_Metall.jpg 600w\" sizes=\"auto, (max-width: 300px) 100vw, 300px\" \/><\/a><p id=\"caption-attachment-840\" class=\"wp-caption-text\">Dr. Bettina Wolf, Vorsitzende der Gesch\u00e4ftsf\u00fchrung der Agentur f\u00fcr Arbeit Siegen.<\/p><\/div>\n<p>Siegen, 30. Oktober 2012. \u201eInsbesondere die gut ausgebildeten Frauen und M\u00e4nner unter 25 Jahren konnten im letzten Monat den Sprung in die Berufswelt meistern. Im Vergleich zum September ist die Zahl der arbeitslosen Personen unter 25 Jahren um 7,6 Prozent (106 Personen) gesunken. 815 arbeitslosen Menschen konnten wir im Oktober erfolgreich bei der Arbeitsaufnahme unterst\u00fctzen. Der Bestand an offenen Stellen bietet viele Chancen. Allerdings wird es zunehmend schwieriger, die passende Person f\u00fcr die ausgeschriebene Stelle zu finden. Je besser unser regionales Netzwerk genutzt wird und die Zusammenarbeit mit allen Akteuren am Arbeitsmarkt gef\u00f6rdert wird, desto erfolgreicher k\u00f6nnen wir die Standortsicherung und den Fachkr\u00e4ftebedarf der heimischen Unternehmen bew\u00e4ltigen\u201c, erl\u00e4utert Dr. Bettina Wolf, Vorsitzende der Gesch\u00e4ftsf\u00fchrung der Agentur f\u00fcr Arbeit Siegen.<\/p>\n<p>Die Arbeitslosenquote des Agenturbezirks Siegen sinkt im Oktober von 5,0 auf 4,9 Prozent. In diesem Monat sind im Bezirk der Agentur f\u00fcr Arbeit Siegen 1,3 Prozent weniger Personen arbeitslos als im September (146 Personen). Im Vergleich zum Vorjahr ist dies ein Anstieg um 2,9 Prozent (309 Personen). Insgesamt sind im Agenturbezirk noch 11.104 Menschen ohne Besch\u00e4ftigung.<\/p>\n<p>Im Vergleich zum Vormonat September haben sich im Oktober 3,5 Prozent (83 Personen) mehr arbeitslos gemeldet. Im Vorjahresvergleich ist das ein Anstieg von 6,9 Prozent (158 Personen). Die Herbstbelebung im letzten Jahr war deutlich st\u00e4rker. Bei den \u00e4lteren Personen im Alter von \u00fcber 50 Jahren (+30 Personen), aber auch bei ausl\u00e4ndischen Menschen (+59 Personen) ergibt sich im Vergleich zum Vorjahresmonat eine Zunahme der Arbeitslosenzahl.<\/p>\n<p>Die Zahl der arbeitslosen Jugendlichen und jungen Erwachsenen unter 25 Jahren ist im Vormonatsvergleich erheblich gesunken. Im Vorjahresvergleich stellt dies jedoch einen Anstieg um 12 Prozent (138 Personen) dar. \u201eDie Unsicherheit an den Finanzm\u00e4rkten wandelt sich teilweise in Zur\u00fcckhaltung bei Neueinstellungen um. Unsere oberste Priorit\u00e4t liegt darauf, Bewerberinnen und Bewerbern neue Wege zu erm\u00f6glichen und individuelle Unterst\u00fctzung zu leisten. Die Unternehmen in unserer Region k\u00f6nnen sich engagierte Fachkr\u00e4fte von morgen sichern, indem sie auch denjenigen eine Chance bei der Arbeitsplatzsuche geben, die Ecken und Kanten im Lebenslauf aufweisen und nicht \u00fcber perfekte Startbedingungen verf\u00fcgen\u201c, so Dr. Bettina Wolf.<\/p>\n<p>Die Arbeitslosenquote (AQ) betr\u00e4gt im Agenturbezirk Siegen aktuell 4,9 Prozent und bleibt somit weiterhin auf einem stabilen Niveau. \u00c4hnlich ist auch die Entwicklung der Arbeitslosenquote in den einzelnen Gesch\u00e4ftsstellen: Im Vergleich zum September ist die Arbeitslosenquote im Gebiet der Gesch\u00e4ftsstelle Burbach um 0,1 Prozent auf 3,6 Prozent gesunken. In der Gesch\u00e4ftsstelle Olpe ist ein Anstieg um 0,1 Prozent auf 4,3 Prozent und in dem Bezirk der Hauptagentur Siegen ein R\u00fcckgang um 0,2 Prozentpunkte auf 5,7 Prozent zu erkennen. Die Gesch\u00e4ftsstelle Bad Berleburg weist wie im Vormonat eine Arbeitslosenquote von 4,0 Prozent auf.<\/p>\n<p>Im Kreis Siegen-Wittgenstein sinkt die Arbeitslosenzahl im Vormonatsvergleich um 2,8 Prozent (225 Personen). Derzeit sind 7.823 Menschen ohne Besch\u00e4ftigung registriert. Die Arbeitslosenquote sinkt im Vergleich zum September um 0,2 Prozentpunkte auf 5,2 Prozent.<\/p>\n<p>Im Kreis Olpe sinkt die Arbeitslosenzahl im Vormonatsvergleich um 2,5 Prozent (79 Personen). Derzeit sind 3.281 Menschen arbeitslos gemeldet. Die Arbeitslosenquote steigt von 4,2 auf 4,3 Prozent in diesem Monat. Im Vergleich zum Oktober 2011 sind diesen Monat 11,6 Prozent (341 Personen) mehr arbeitslos gemeldet.<\/p>\n<p>Seit Beginn des Jahres 2012 konnte der Arbeitgeber-Service der Agentur f\u00fcr Arbeit Siegen insgesamt 8.848 Arbeitsstellen von den heimischen Unternehmen akquirieren. Insgesamt sind derzeit noch 2.289 Arbeitsstellen unbesetzt, wovon 2.202 Stellen als sozialversicherungspflichtig ausgeschrieben wurden. Im Vergleich zum Vorjahresmonat erkennen wir einen Anstieg der noch zu besetzenden Stellen um 5,1 Prozent.<\/p>\n<p>\u201eDie rechtlichen Regelungen zur Kurzarbeit werden derzeit verst\u00e4rkt von heimischen Unternehmen hinterfragt. Tats\u00e4chliche Anmeldungen fallen vergleichswiese gering aus. In Vorbereitung auf unterschiedliche konjunkturelle Entwicklungen tauschen wir uns eng mit den Arbeitgebern und Arbeitgeberinnen aus. Im Falle eines Negativ-Trends sind wir gut vorbereitet. Die Gespr\u00e4che mit den verschiedenen politischen Fraktionen deuten darauf hin, dass in Krisenzeiten schnelle und praktische L\u00f6sungen gefunden werden\u201c, so Dr. Bettina Wolf.<\/p>\n<p>Die Zahl der Arbeitslosen summiert sich in Siegen aus Kunden der Arbeitslosenversicherung (Agentur f\u00fcr Arbeit Siegen) und aus den Kunden der Grundsicherung (Jobcenter Kreis Siegen-Wittgenstein und Jobcenter Kreis Olpe). Im Rechtskreis des SGB III der Agentur f\u00fcr Arbeit Siegen ist die Zahl der Arbeitslosen im Vergleich zum Vormonat um 0,6 Prozent (25 Personen) gestiegen. Im Rechtskreis der Jobcenter ist ein R\u00fcckgang um 2,3 Prozent (171 Personen) im Vergleich zum September 2012 zu verzeichnen. Im Bereich der Arbeitslosenversicherung ergibt sich im Vorjahresvergleich eine Zunahme der Zahl der arbeitslos gemeldeten Menschen um 8,4 Prozent (304 Personen). Erfreulich ist, dass sich der Bestand der Langzeitarbeitslosen im Vorjahresvergleich um 20,5 Prozent (131 Personen) verringert hat. Im Vergleich zum Vorjahr ist bei der Grundsicherung eine minimale Zunahme um 0,1 Prozent (5 Personen) zu erkennen.<\/p>\n<p>Bei den beiden Grundsicherungstr\u00e4gern der Region Siegen, Jobcenter Kreis Siegen-Wittgenstein und Jobcenter Kreis Olpe, sind aktuell 7.167 Menschen arbeitslos gemeldet. Im September waren es noch 7.338 Personen, 171 Personen (2,3 Prozent) mehr. Das Jobcenter Kreis Siegen-Wittgenstein ist aktuell f\u00fcr 5.119 Besch\u00e4ftigungssuchende zust\u00e4ndig. Im Vergleich zum August ergibt sich ein R\u00fcckgang der Arbeitslosigkeit um 3,5 Prozent (185 Personen). Beim Jobcenter Kreis Olpe wurde im Vormonatsvergleich ebenfalls ein R\u00fcckgang bei der Arbeitslosigkeit verzeichnet. Aktuell betr\u00e4gt die Zahl der gemeldeten Arbeitslosen 2.048 Personen. Der Vergleich zum September ergibt eine Erh\u00f6hung um 0,7 Prozent (14 Personen).<\/p>\n","protected":false},"excerpt":{"rendered":"<p>Siegen, 30. Oktober 2012. \u201eInsbesondere die gut ausgebildeten Frauen und M\u00e4nner unter 25 Jahren konnten im letzten Monat den Sprung in die Berufswelt meistern. Im&#8230;<\/p>\n","protected":false},"author":2,"featured_media":0,"comment_status":"open","ping_status":"open","sticky":false,"template":"","format":"standard","meta":{"_jetpack_memberships_contains_paid_content":false,"footnotes":""},"categories":[16],"tags":[],"class_list":["post-942","post","type-post","status-publish","format-standard","hentry","category-arbeitsmarkt"],"jetpack_featured_media_url":"","jetpack_sharing_enabled":true,"_links":{"self":[{"href":"https:\/\/www.vdsm.net\/wronline\/wp-json\/wp\/v2\/posts\/942","targetHints":{"allow":["GET"]}}],"collection":[{"href":"https:\/\/www.vdsm.net\/wronline\/wp-json\/wp\/v2\/posts"}],"about":[{"href":"https:\/\/www.vdsm.net\/wronline\/wp-json\/wp\/v2\/types\/post"}],"author":[{"embeddable":true,"href":"https:\/\/www.vdsm.net\/wronline\/wp-json\/wp\/v2\/users\/2"}],"replies":[{"embeddable":true,"href":"https:\/\/www.vdsm.net\/wronline\/wp-json\/wp\/v2\/comments?post=942"}],"version-history":[{"count":4,"href":"https:\/\/www.vdsm.net\/wronline\/wp-json\/wp\/v2\/posts\/942\/revisions"}],"predecessor-version":[{"id":946,"href":"https:\/\/www.vdsm.net\/wronline\/wp-json\/wp\/v2\/posts\/942\/revisions\/946"}],"wp:attachment":[{"href":"https:\/\/www.vdsm.net\/wronline\/wp-json\/wp\/v2\/media?parent=942"}],"wp:term":[{"taxonomy":"category","embeddable":true,"href":"https:\/\/www.vdsm.net\/wronline\/wp-json\/wp\/v2\/categories?post=942"},{"taxonomy":"post_tag","embeddable":true,"href":"https:\/\/www.vdsm.net\/wronline\/wp-json\/wp\/v2\/tags?post=942"}],"curies":[{"name":"wp","href":"https:\/\/api.w.org\/{rel}","templated":true}]}}