{"id":9384,"date":"2018-06-06T13:59:30","date_gmt":"2018-06-06T11:59:30","guid":{"rendered":"https:\/\/www.vdsm.net\/wronline\/?p=9384"},"modified":"2018-06-06T13:59:30","modified_gmt":"2018-06-06T11:59:30","slug":"felix-g-hensel-bleibt-ihk-praesident","status":"publish","type":"post","link":"https:\/\/www.vdsm.net\/wronline\/felix-g-hensel-bleibt-ihk-praesident\/","title":{"rendered":"Felix G. Hensel bleibt IHK-Pr\u00e4sident"},"content":{"rendered":"<p>Vor vier Jahren wurde Felix G. Hensel zum Pr\u00e4sidenten der Industrie- und Handelskammer (IHK) Siegen gew\u00e4hlt. In ihrer konstituierenden Sitzung betrauten die Mitglieder der IHK-Vollversammlung nun den pers\u00f6nlich haftenden Gesellschafter der Gustav Hensel GmbH &amp; Co. KG aus Lennestadt einstimmig f\u00fcr weitere zwei Jahre mit diesem Amt. Hensel dankte f\u00fcr den gro\u00dfen Vertrauensbeweis und versprach, sich weiterhin engagiert f\u00fcr die Belange der heimischen Wirtschaft einzusetzen: \u201eUnsere vier Hauptthemen bleiben die Fachkr\u00e4fteknappheit, die dringend notwendigen Verbesserungen unserer teilweise maroden Verkehrsinfrastruktur, der B\u00fcrokratieabbau sowie der Fl\u00e4chenmangel. Initiativen in diesen Politikfeldern bilden f\u00fcr die IHK auch zuk\u00fcnftig den Schwerpunkt ihres Handelns. Dabei wissen wir, dass das Bohren dicker Bretter einen langen Atem ben\u00f6tigt.\u201c<\/p>\n<p>Neu wirkt zuk\u00fcnftig im IHK-Pr\u00e4sidium Walter Viegener mit, der gesch\u00e4ftsf\u00fchrende Gesellschafter der Attendorner Viega Holding GmbH Co. KG. Er wurde zum IHK-Vizepr\u00e4sidenten gew\u00e4hlt und tritt die Nachfolge von Rupprecht Kemper (Kemper GmbH &amp; Co. KG, Olpe) an, der nach zehn Jahren nicht mehr f\u00fcr eine weitere Amtszeit im Pr\u00e4sidium zur Verf\u00fcgung stand. Neben Walter Viegener w\u00e4hlte die Vollversammlung mit Axel E. Barten (Achenbach Buschh\u00fctten GmbH &amp; Co. KG, Kreuztal), Christian F. Kocherscheidt (EJOT GmbH &amp; Co. KG, Bad Berleburg) sowie Jost Schneider (Walter Schneider GmbH &amp; Co. KG, Siegen) drei weitere Vizepr\u00e4sidenten in das IHK-Pr\u00e4sidium. Zugleich legte das oberste Beschlussorgan der IHK fest, welche Unternehmer in den kommenden Jahren im Finanzpr\u00fcfungsausschuss \u00fcber die Einnahme- und Ausgabepolitik der Kammer wachen. Diesem Gremium geh\u00f6ren zuk\u00fcnftig neben Rupprecht Kemper (Vorsitz) mit Dr. Theodor Gr\u00e4bener, Harald Peter, Jost Schneider, J\u00f6rg M\u00fcller und Jens Brinkmann weitere f\u00fcnf Unternehmer an.<\/p>\n<p>Zuvor hatte das Pr\u00e4sidium die personelle Zusammensetzung des Au\u00dfenwirtschaftsausschusses (Leitung: Rainer Dango), des Einzelhandelsausschusses (Leitung: Wolfgang Keller), des Industrie- und Verkehrsausschusses (Leitung: Walter Viegener), des Sachverst\u00e4ndigenausschusses (Leitung: Armin Holzhauer) sowie des Berufsbildungsausschusses (alternierender Vorsitz: Christian F. Kocherscheidt) festgelegt. Insgesamt sind allein in der Vollversammlung und in diesen sechs Aussch\u00fcssen \u00fcber 180 Unternehmer aus der heimischen Wirtschaft ehrenamtlich in der IHK aktiv.<\/p>\n","protected":false},"excerpt":{"rendered":"<p>Vor vier Jahren wurde Felix G. Hensel zum Pr\u00e4sidenten der Industrie- und Handelskammer (IHK) Siegen gew\u00e4hlt. In ihrer konstituierenden Sitzung betrauten die Mitglieder der IHK-Vollversammlung&#8230;<\/p>\n","protected":false},"author":2,"featured_media":9385,"comment_status":"open","ping_status":"open","sticky":false,"template":"","format":"standard","meta":{"_jetpack_newsletter_access":"","_jetpack_dont_email_post_to_subs":false,"_jetpack_newsletter_tier_id":0,"_jetpack_memberships_contains_paywalled_content":false,"_jetpack_feature_clip_id":0,"_jetpack_memberships_contains_paid_content":false,"footnotes":"","jetpack_post_was_ever_published":false},"categories":[32,30,11],"tags":[],"class_list":["post-9384","post","type-post","status-publish","format-standard","has-post-thumbnail","hentry","category-infos","category-vermischtes","category-regionale-wirtschaft"],"jetpack_sharing_enabled":true,"jetpack_featured_media_url":"https:\/\/www.vdsm.net\/wronline\/wp-content\/uploads\/2018\/06\/042-18-Vollversammlung.jpg","_links":{"self":[{"href":"https:\/\/www.vdsm.net\/wronline\/wp-json\/wp\/v2\/posts\/9384","targetHints":{"allow":["GET"]}}],"collection":[{"href":"https:\/\/www.vdsm.net\/wronline\/wp-json\/wp\/v2\/posts"}],"about":[{"href":"https:\/\/www.vdsm.net\/wronline\/wp-json\/wp\/v2\/types\/post"}],"author":[{"embeddable":true,"href":"https:\/\/www.vdsm.net\/wronline\/wp-json\/wp\/v2\/users\/2"}],"replies":[{"embeddable":true,"href":"https:\/\/www.vdsm.net\/wronline\/wp-json\/wp\/v2\/comments?post=9384"}],"version-history":[{"count":1,"href":"https:\/\/www.vdsm.net\/wronline\/wp-json\/wp\/v2\/posts\/9384\/revisions"}],"predecessor-version":[{"id":9386,"href":"https:\/\/www.vdsm.net\/wronline\/wp-json\/wp\/v2\/posts\/9384\/revisions\/9386"}],"wp:featuredmedia":[{"embeddable":true,"href":"https:\/\/www.vdsm.net\/wronline\/wp-json\/wp\/v2\/media\/9385"}],"wp:attachment":[{"href":"https:\/\/www.vdsm.net\/wronline\/wp-json\/wp\/v2\/media?parent=9384"}],"wp:term":[{"taxonomy":"category","embeddable":true,"href":"https:\/\/www.vdsm.net\/wronline\/wp-json\/wp\/v2\/categories?post=9384"},{"taxonomy":"post_tag","embeddable":true,"href":"https:\/\/www.vdsm.net\/wronline\/wp-json\/wp\/v2\/tags?post=9384"}],"curies":[{"name":"wp","href":"https:\/\/api.w.org\/{rel}","templated":true}]}}