{"id":937,"date":"2012-10-29T14:39:30","date_gmt":"2012-10-29T13:39:30","guid":{"rendered":"http:\/\/www.vdsm.net\/wronline\/?p=937"},"modified":"2012-11-09T15:25:42","modified_gmt":"2012-11-09T14:25:42","slug":"saeulenschwenkkrane-fuer-schlanke-produktion","status":"publish","type":"post","link":"https:\/\/www.vdsm.net\/wronline\/saeulenschwenkkrane-fuer-schlanke-produktion\/","title":{"rendered":"S\u00e4ulenschwenkkrane f\u00fcr schlanke Produktion"},"content":{"rendered":"<p><a href=\"http:\/\/www.vdsm.net\/wronline\/wp-content\/uploads\/2012\/10\/A118_12_01.jpg\"><img loading=\"lazy\" decoding=\"async\" class=\"alignleft size-medium wp-image-938\" title=\"S\u00e4ulenschwenkkrane mit Doppelausleger f\u00fcr effiziente Unterst\u00fctzung von Arbeitspl\u00e4tzen.\" src=\"http:\/\/www.vdsm.net\/wronline\/wp-content\/uploads\/2012\/10\/A118_12_01-300x225.jpg\" alt=\"\" width=\"300\" height=\"225\" srcset=\"https:\/\/www.vdsm.net\/wronline\/wp-content\/uploads\/2012\/10\/A118_12_01-300x225.jpg 300w, https:\/\/www.vdsm.net\/wronline\/wp-content\/uploads\/2012\/10\/A118_12_01.jpg 600w\" sizes=\"auto, (max-width: 300px) 100vw, 300px\" \/><\/a>Siegen, 29. Oktober 2012. Ein perfekt abgestimmter Materialfluss sorgt f\u00fcr optimale Abl\u00e4ufe \u2013 bei der Umsetzung dieses Vorhabens stand die Vetter Krantechnik GmbH aus Siegen dem Unternehmen Hora mit Rat und Tat zur Seite. Durch die fr\u00fchzeitige Einbindung des Kranbauunternehmens in das Fabrikplanungsprojekt entstand ein Produktionsbereich, der sich durch sp\u00fcrbar vereinfachte Arbeitsprozesse auszeichnet.<\/p>\n<p>Das mittelst\u00e4ndische Unternehmen Hora im ostwestf\u00e4lischen Schlo\u00df Holte-Stukenbrock geh\u00f6rt zu den f\u00fchrenden Anbietern von Ventilen und Antrieben f\u00fcr die Kraftwerkstechnik, Geb\u00e4udeautomation und Prozesstechnik. Als professionelle Werkzeuge f\u00fcr die Optimierung der innerbetrieblichen Abl\u00e4ufe nutzt das Unternehmen u. a. die Methoden des Lean Managements sowie eine Prozesslandkarte. In diesem Zusammenhang r\u00fcckt auch der Materialfluss in den Fokus \u2013 und genau hier kommen Krane ins Spiel.<\/p>\n<p>Der Regelarmaturenhersteller hat den kompletten Maschinenpark im Rahmen eines gro\u00df angelegten Fabrikplanungsprojekts r\u00e4umlich neu gestaltet und den Produktionsbereich erweitert. In einem Zeitraum von ca. drei Monaten wechselten insgesamt 30 Maschinen einschlie\u00dflich Peripherie den Standort im Werk Schlo\u00df Holte-Stukenbrock bei weiter laufender Fertigung. \u201eEine echte Herausforderung, denn lange Produktionsausf\u00e4lle wollten wir uns dabei nicht leisten\u201c, so Dipl.-Ing. Ulf B\u00fcker, Projektleiter f\u00fcr Fertigungsplanung bei Hora.<\/p>\n<p>Im Rahmen dieses anspruchsvollen Projekts stellte sich die Frage nach effizienten und Platz sparenden Hilfen beim Materialhandling. Bei der Besch\u00e4ftigung mit diesem Thema wurde B\u00fcker auf den Kranbauer Vetter aufmerksam. Das Siegener Unternehmen wurde bereits zu Beginn des Projekts in die Layoutplanungen eingebunden, um beim Thema Materialhandling an den neu gestalteten Arbeitspl\u00e4tzen unterst\u00fctzend und beratend zur Seite zu stehen.<\/p>\n<p>Auf positive Resonanz stie\u00df bei Hora die patentierte Verbundankerplatte. Mithilfe dieser praxiserprobten L\u00f6sung lassen sich S\u00e4ulenschwenkkrane direkt auf mindestens 190 mm starkem, ebenem Betonboden befestigen. Teure und zeitraubende Fundamentarbeiten sind somit nicht notwendig. Die Platte selbst wird mit Dynamic-Verbundankern im Boden verd\u00fcbelt, wobei die Anker versenkt angeordnet sind. Dies eliminiert nicht nur Stolperfallen f\u00fcr die Werker, sondern erm\u00f6glicht auch das \u00dcberfahren der Platten von z.B. Gabelstaplern. Auf die Platte wird dann nur noch der Kranflansch geschraubt. Durch den Einsatz dieser Verbundankerplatten konnte Hora die Ausfallzeiten f\u00fcr den Umzug der jeweiligen Maschinen gering halten, weil sich auf die zeitraubende Erstellung und Aush\u00e4rtung von gegossenen Fundamenten verzichten lie\u00df.<\/p>\n<p>Eine nicht allt\u00e4gliche L\u00f6sung in punkto S\u00e4ulenschwenkkrane wird im Bereich der Schwei\u00dftechnik und der Endmontage eingesetzt. Dort wurden Fertigungsinseln gebildet, wobei jede Insel mit einem eigenen S\u00e4ulenschwenkkran ausgestattet werden sollte, der den Werker bei den Montagearbeiten unterst\u00fctzt. Um die Fl\u00e4che pro Arbeitsplatz zu reduzieren, entschied sich der Betreiber f\u00fcr eine Speziall\u00f6sung: Schwenkkrane, bei denen zwei Kranausleger an nur einer S\u00e4ule befestigt werden, stehen nun an vielen Stellen der Halle und unterst\u00fctzen jeweils zwei nebeneinanderliegende Arbeitspl\u00e4tze.<\/p>\n<p>Bei diesen Krantypen handelt es sich um eine Kombination aus Standardl\u00f6sung (Ausleger und Peripherie aus dem Standard-Kranprogramm) und Speziall\u00f6sung, was in diesem Fall die statische Auslegung der S\u00e4ule betrifft, die jetzt die Kr\u00e4fte von zwei Auslegern aufnehmen muss. Hier ist konstruktive Erfahrung gefragt, damit die S\u00e4ule so stabil ist, dass sich die Krane auch gleichzeitig betreiben lassen. Da Vetter bereits h\u00e4ufiger derartige L\u00f6sungen umgesetzt hat, u.a. auch schon mit vier Auslegern an einer S\u00e4ule, war das entsprechende Know-how vorhanden.\u00a0In der Summe nutzt der Betreiber mittlerweile 18 Vetter-Krane in fast allen Fertigungsbereichen.<\/p>\n<p>Die Vetter Krantechnik GmbH mit Hauptsitz in Siegen ist ein f\u00fchrender europ\u00e4ischer Anbieter von Schwenkkranen, Kransystemen und Lastwendeger\u00e4ten mit einem umfangreichen Produkt- und Leistungsangebot. An zwei Standorten mit modernster Fertigungstechnologie und einem erfahrenen, langj\u00e4hrigen Mitarbeiterstamm produziert Vetter in Siegen und Haiger f\u00fcr den Weltmarkt. Sowohl die gro\u00dfe Produktvielfalt im Standardkran\u00acbereich als auch die Kompetenz, anwenderspezifische krantechnische L\u00f6sungen mit seinen Kunden zu erarbeiten und diese von der Projektierung bis hin zur Inbetriebnahme zu begleiten, machen Vetter zu einem starken und verl\u00e4sslichen Partner.\u00a0Die Vetter Krantechnik GmbH geh\u00f6rt zur Firmengruppe der Vetter Holding GmbH, unter deren Dach die drei Unternehmen Vetter Krantechnik GmbH, Vetter Kranservice GmbH und Vetter Umformtechnik GmbH eigenst\u00e4ndig t\u00e4tig sind.<\/p>\n","protected":false},"excerpt":{"rendered":"<p>Siegen, 29. Oktober 2012. Ein perfekt abgestimmter Materialfluss sorgt f\u00fcr optimale Abl\u00e4ufe \u2013 bei der Umsetzung dieses Vorhabens stand die Vetter Krantechnik GmbH aus Siegen&#8230;<\/p>\n","protected":false},"author":2,"featured_media":938,"comment_status":"open","ping_status":"open","sticky":false,"template":"","format":"standard","meta":{"_jetpack_memberships_contains_paid_content":false,"footnotes":""},"categories":[10],"tags":[],"class_list":["post-937","post","type-post","status-publish","format-standard","has-post-thumbnail","hentry","category-unternehmen"],"jetpack_featured_media_url":"https:\/\/www.vdsm.net\/wronline\/wp-content\/uploads\/2012\/10\/A118_12_01.jpg","jetpack_sharing_enabled":true,"_links":{"self":[{"href":"https:\/\/www.vdsm.net\/wronline\/wp-json\/wp\/v2\/posts\/937","targetHints":{"allow":["GET"]}}],"collection":[{"href":"https:\/\/www.vdsm.net\/wronline\/wp-json\/wp\/v2\/posts"}],"about":[{"href":"https:\/\/www.vdsm.net\/wronline\/wp-json\/wp\/v2\/types\/post"}],"author":[{"embeddable":true,"href":"https:\/\/www.vdsm.net\/wronline\/wp-json\/wp\/v2\/users\/2"}],"replies":[{"embeddable":true,"href":"https:\/\/www.vdsm.net\/wronline\/wp-json\/wp\/v2\/comments?post=937"}],"version-history":[{"count":4,"href":"https:\/\/www.vdsm.net\/wronline\/wp-json\/wp\/v2\/posts\/937\/revisions"}],"predecessor-version":[{"id":941,"href":"https:\/\/www.vdsm.net\/wronline\/wp-json\/wp\/v2\/posts\/937\/revisions\/941"}],"wp:featuredmedia":[{"embeddable":true,"href":"https:\/\/www.vdsm.net\/wronline\/wp-json\/wp\/v2\/media\/938"}],"wp:attachment":[{"href":"https:\/\/www.vdsm.net\/wronline\/wp-json\/wp\/v2\/media?parent=937"}],"wp:term":[{"taxonomy":"category","embeddable":true,"href":"https:\/\/www.vdsm.net\/wronline\/wp-json\/wp\/v2\/categories?post=937"},{"taxonomy":"post_tag","embeddable":true,"href":"https:\/\/www.vdsm.net\/wronline\/wp-json\/wp\/v2\/tags?post=937"}],"curies":[{"name":"wp","href":"https:\/\/api.w.org\/{rel}","templated":true}]}}