{"id":9347,"date":"2018-05-30T11:37:19","date_gmt":"2018-05-30T09:37:19","guid":{"rendered":"https:\/\/www.vdsm.net\/wronline\/?p=9347"},"modified":"2018-05-30T11:37:19","modified_gmt":"2018-05-30T09:37:19","slug":"gemeinsam-mit-dem-handwerk-zukunft-gestalten","status":"publish","type":"post","link":"https:\/\/www.vdsm.net\/wronline\/gemeinsam-mit-dem-handwerk-zukunft-gestalten\/","title":{"rendered":"\u201eGemeinsam mit dem Handwerk Zukunft gestalten\u201c"},"content":{"rendered":"<p>Im vollbesetzten gro\u00dfen Saal im Haus der Siegerl\u00e4nder Wirtschaft begr\u00fc\u00dfte Kreishandwerksmeister Frank Clemens im Rahmen des \u201eFr\u00fchjahrsforum 2018 der Kreishandwerkerschaft Westfalen-S\u00fcd\u201c die \u00fcber hundert G\u00e4ste, die aus den Kreisen Siegen-Wittgenstein und Olpe gekommen waren.<\/p>\n<p>Unter den Ehreng\u00e4sten waren unter anderem der Landrat des Kreises Siegen-Wittgenstein Andreas M\u00fcller, die stellvertretende B\u00fcrgermeisterin der Stadt Siegen, Verena B\u00f6cking, der B\u00fcrgermeister der Stadt Olpe Peter Weber, die Landtagsabgeordneten Anke Fuchs-Dreisbach und Jochen Ritter sowie der Vizepr\u00e4sident der Handwerkskammer S\u00fcdwestfalen, Reiner Gerhard.\u00a0Mit viel Beifall wurde auch der Festredner des Abends, Professor Dr. Andreas Pinkwart, Minister f\u00fcr Wirtschaft, Innovation, Digitalisierung und Energie des Landes NRW begr\u00fc\u00dft.<\/p>\n<p>In seiner Ansprache gab Kreishandwerksmeister Frank Clemens einen \u00dcberblick \u00fcber die \u201eLage im heimischen Handwerk\u201c. 640 neu abgeschlossene Ausbildungsverh\u00e4ltnisse konnte die Kreishandwerkerschaft im letzten Jahr in den Kreisen Siegen-Wittgenstein und Olpe registrieren, erkl\u00e4rte Clemens. Dies sei ein stolzes Plus gegen\u00fcber dem Vorjahr von 5,5%. Erfreut \u00e4u\u00dferte er sich dar\u00fcber, dass die neue Landesregierung Entfesselungspakete zum Abbau der B\u00fcrokratien nicht nur angek\u00fcndigt, sondern auch umgesetzt habe. So sei die Hygieneampel abgeschafft. Dies helfe den lebensmittelverarbeitenden Betrieben. Auch die Entflechtungen beim Tariftreue- und Vergabegesetz seien ein Schritt in die richtige Richtung. Aber richtig zu sp\u00fcren sei der B\u00fcrokratieabbau im betrieblichen Alltag nicht. \u00dcberbordende B\u00fcrokratie sei zu einem gro\u00dfen Hemmnis geworden und verhagele den Kolleginnen und Kollegen mehr und mehr die Lust an der Selbstst\u00e4ndigkeit.\u00a0 Die Gewerbetreibenden tr\u00e4fen immer wieder neue Dokumentationspflichten. J\u00fcngstes Beispiel sei die Datenschutzgrundverordnung. Sperrige, un\u00fcbersichtliche Vorschriften, garniert mit hohen Bu\u00dfgeldsanktionen w\u00fcrden ab 25.05.2018 u.a. auf alle Handwerksbetriebe zurollen. Besorgt \u00e4u\u00dferte sich auch der Kreishandwerksmeister zur aktuellen Dieselproblematik. \u201eWir brauchen hier nicht nur entsprechende Angebote der Industrie, sondern insbesondere Rechtssicherheit seitens der Politik\u201c, so der Kreishandwerksmeister. Die drohenden Fahrverbote f\u00fcr moderne Dieselfahrzeuge, von denen viele auf Dr\u00e4ngen der Politik erst vor drei oder vier Jahren angeschafft worden seien, w\u00fcrden Vertrauen vergiften.<\/p>\n<p>Der Kreishandwerksmeister wies darauf hin, dass sich das Handwerk derzeit \u00fcber eine gute Konjunktur freue und dies grunds\u00e4tzlich \u00fcber alle Branchen hinweg. Die Auftragsb\u00fccher seien voll. Das Handwerk partizipiere von einer kr\u00e4ftigen Binnennachfrage. Die Niedrigzinsphase sei Triebfeder f\u00fcr betriebliche Investitionen.\u00a0 Allerdings sei der Fachkr\u00e4ftemangel im heimischen Handwerk allgegenw\u00e4rtig und tr\u00fcbe die gute Stimmung ein. Die Fachkr\u00e4ftesicherung geh\u00f6re -neben der Digitalisierung und der Unternehmensnachfolgeregelung- zu den gr\u00f6\u00dften Herausforderungen, denen sich das Handwerk aktuell zu stellen habe. In Sachen Digitalisierung mahnte der Kreishandwerksmeister die entsprechende Infrastruktur an. Was das datenverarbeitende Gewerbe im Handwerk brauche, seien hochleistungsf\u00e4hige Netze, also Glasfasertechnologie bis an das Geb\u00e4ude. In dieser Thematik bed\u00fcrfe es ganz z\u00fcgiges Handeln, um endlich signifikante Wettbewerbsnachteile abzubauen und damit Wirtschaftskraft zu sichern.<\/p>\n<p>\u201eGemeinsam mit dem Handwerk Zukunft gestalten\u201c unter diesem Motto stand die Festrede von Prof. Dr. Andreas Pinkwart, der viele aktuelle Dinge auf den Pr\u00fcfstand stellte.\u00a0 \u201eIch freue mich\u201c, so der Minister, \u201eheute bei Ihnen sein zu d\u00fcrfen. Wir wollen gemeinsam mit dem Handwerk die Zukunft gestalten. Die Dynamik nimmt zu\u201c, so der Minister weiter. \u201eWichtig ist es, dass wir uns den Fragen der Zeit stellen. Und dabei steht die Bildung im Mittelpunkt. Und hier haben wir es selbst in der Hand, wie man Zukunft gestalten kann.\u201c<\/p>\n<p>Weitergehend schlug der Minister Pinkwart eine Bresche f\u00fcr die Lehrer. An der Universit\u00e4t Siegen gebe es eine hervorragende Lehrerausbildung. \u201eWir m\u00fcssen daf\u00fcr sorgen, dass diese auch hier bleiben und auch daf\u00fcr, dass der Beruf des Lehrers wieder deutlicher wertgesch\u00e4tzt wird. Zur Problematik \u201epermanenter Unterrichtsausfall an den Berufskollegs\u201c, die von Kreishandwerksmeister Frank Clemens angesprochen worden ist, erkl\u00e4rte Pinkwart, dass dies nicht hinnehmbar sei und hier konkreter Handlungsbedarf bestehe.<\/p>\n<p>Breiten Raum nahm in der Rede des Ministers das Thema \u201eDigitalisierung\u201c ein. \u201eDas Land NRW ist wieder ehrgeizig. Wir wollen wieder das leistungsf\u00e4higste Land werden!\u201c, so der Minister. \u201eAllerdings sind wir vom Thema Glasfaser noch ein St\u00fcck weit entfernt. Dieser Ausbau sei jedoch unverzichtbar,\u201c so Prof. Dr. Pinkwart. \u201eWir haben hier im heimischen Raum Weltmarktf\u00fchrer. Wir brauchen den Ausbau schneller Netze und deshalb m\u00fcssen wir auch mit den Unternehmern im st\u00e4ndigen Dialog bleiben. Die moderne Technologie sei ebenso f\u00fcr das Handwerk unentbehrlich. Angedacht sei eine Digitalisierungsoffensive des Handwerks NRW. Digitalisierungsinvestitionen sollen auch durch das neue Beteiligungsprogramm \u201eZukunft Handwerk NRW\u201c finanziert werden k\u00f6nnen. Fest im Blick sei auch die Unterst\u00fctzung bei der Digitalisierung der Berufsbildungszentren und die vorrangige Ausr\u00fcstung in Gewerbegebieten und Schulen. Die Digitalisierung biete dem Unternehmer vielf\u00e4ltige Chancen. Durch Digitalisierung k\u00f6nne man es auch bei der neuen Generation \u201espannend machen\u201c. Wir m\u00fcssen die jungen Leute richtig begeistern, sonst sind sie weg!\u201c, so der Minister.<\/p>\n<p>Auf die von Kreishandwerksmeister angesprochene und kritisierte \u00fcberbordende B\u00fcrokratie in Deutschland wies der Minister auf die eingeleiteten Ma\u00dfnahmen der neuen Landesregierung zum Abbau der B\u00fcrokratie hin. Diese seien ein wichtiger Schritt in die richtige Richtung gewesen, wobei das Thema aber weiterhin hohe Priorit\u00e4t habe. Der Minister gestand zu, dass die Umsetzung der neuen EU-Datenschutzgrundverordnung den Handwerkern das Leben schwer mache. Hier sehe er noch \u00dcberpr\u00fcfungsbedarf seitens der Bundesregierung.\u00a0 \u201eDie Landesregierung werde jedenfalls alles daf\u00fcr tun, die Rechtslage so einfach wie m\u00f6glich f\u00fcr uns zu interpretieren\u201c, so Minister Pinkwart. F\u00fcr seine engagierte Rede erhielt Minister Andreas Pinkwart viel Beifall. Anschlie\u00dfend stand er dem Auditorium noch f\u00fcr Fragen zur Verf\u00fcgung.<\/p>\n<p>Gemeinsam mit Kreishandwerksmeister Frank Clemens und dessen Stellvertreter Karl-Friedrich Bublitz ehrte er dann die Bundes- und Landesieger des praktischen Leistungswettbewerbs der Handwerksjugend aus dem heimischen Handwerk.<\/p>\n<p>Ausgezeichnet wurden:<\/p>\n<p>3. Bundessieger Dominik Pfeil: Beruf: Informationselektriker FR: B\u00fcrosystemtechnik Ausbildungsbetrieb<br \/>\nHees B\u00fcrowelt GmbH, Siegen.<\/p>\n<p>1. Landessieger Tim David Bergmann: Beruf:\u00a0 Technischer Modellbauer, FR. Gie\u00dferei,<br \/>\nAusbildungsbetrieb:\u00a0 Modellbau Hermann GmbH, Siegen.<\/p>\n<p>1. Landessieger Manuel Kirchhoff: Beruf Fleischer Ausbildungsbetrieb Fleischerei Stephan Kirchhoff,<br \/>\nAttendorn.<\/p>\n<p>1. Landssieger Florian Kohlberger: Beruf: Beton-Stahlbetonbauer, Ausbildungsbetrieb: G\u00fcnther<br \/>\nGmbH &amp;\u00a0 Co KG, Netphen.<\/p>\n<p>1. Landessieger Fabio Reis:\u00a0 Beruf: Informationselektroniker SP Ger\u00e4te und Systemtechnik,<br \/>\nAusbildungsbetrieb: Jaeger Sicherheitstechnik GmbH, Hilchenbach.<\/p>\n<p>1. Landessieger Peter Sch\u00fcttler: Beruf: Elektroniker f\u00fcr Maschinen und Antriebstechnik,<br \/>\nAusbildungsbetrieb: Sch\u00fcttler Elektromaschinenbau GmbH &amp; Co KG, Attendorn.<\/p>\n<p>2. Landessieger Ben Josef Rennebaum: Beruf: Land- und Baumaschienenmechatroniker,<br \/>\nAusbildungsbetrieb: Viktor Linne GmbH, Attendorn.<\/p>\n<p>3. Landessiegerin Janet Bingener:\u00a0 Beruf: Fachverk\u00e4uferin im Lebensmittelhandwerk, SP Fleischerei<br \/>\nAusbildungsbetrieb: Guido Bingener, Kreuztal.<\/p>\n","protected":false},"excerpt":{"rendered":"<p>Im vollbesetzten gro\u00dfen Saal im Haus der Siegerl\u00e4nder Wirtschaft begr\u00fc\u00dfte Kreishandwerksmeister Frank Clemens im Rahmen des \u201eFr\u00fchjahrsforum 2018 der Kreishandwerkerschaft Westfalen-S\u00fcd\u201c die \u00fcber hundert G\u00e4ste,&#8230;<\/p>\n","protected":false},"author":2,"featured_media":9348,"comment_status":"open","ping_status":"open","sticky":false,"template":"","format":"standard","meta":{"_jetpack_newsletter_access":"","_jetpack_dont_email_post_to_subs":false,"_jetpack_newsletter_tier_id":0,"_jetpack_memberships_contains_paywalled_content":false,"_jetpack_feature_clip_id":0,"_jetpack_memberships_contains_paid_content":false,"footnotes":"","jetpack_post_was_ever_published":false},"categories":[32,30,11],"tags":[],"class_list":["post-9347","post","type-post","status-publish","format-standard","has-post-thumbnail","hentry","category-infos","category-vermischtes","category-regionale-wirtschaft"],"jetpack_sharing_enabled":true,"jetpack_featured_media_url":"https:\/\/www.vdsm.net\/wronline\/wp-content\/uploads\/2018\/05\/Landes-und_Bundessieger2018.jpg","_links":{"self":[{"href":"https:\/\/www.vdsm.net\/wronline\/wp-json\/wp\/v2\/posts\/9347","targetHints":{"allow":["GET"]}}],"collection":[{"href":"https:\/\/www.vdsm.net\/wronline\/wp-json\/wp\/v2\/posts"}],"about":[{"href":"https:\/\/www.vdsm.net\/wronline\/wp-json\/wp\/v2\/types\/post"}],"author":[{"embeddable":true,"href":"https:\/\/www.vdsm.net\/wronline\/wp-json\/wp\/v2\/users\/2"}],"replies":[{"embeddable":true,"href":"https:\/\/www.vdsm.net\/wronline\/wp-json\/wp\/v2\/comments?post=9347"}],"version-history":[{"count":2,"href":"https:\/\/www.vdsm.net\/wronline\/wp-json\/wp\/v2\/posts\/9347\/revisions"}],"predecessor-version":[{"id":9350,"href":"https:\/\/www.vdsm.net\/wronline\/wp-json\/wp\/v2\/posts\/9347\/revisions\/9350"}],"wp:featuredmedia":[{"embeddable":true,"href":"https:\/\/www.vdsm.net\/wronline\/wp-json\/wp\/v2\/media\/9348"}],"wp:attachment":[{"href":"https:\/\/www.vdsm.net\/wronline\/wp-json\/wp\/v2\/media?parent=9347"}],"wp:term":[{"taxonomy":"category","embeddable":true,"href":"https:\/\/www.vdsm.net\/wronline\/wp-json\/wp\/v2\/categories?post=9347"},{"taxonomy":"post_tag","embeddable":true,"href":"https:\/\/www.vdsm.net\/wronline\/wp-json\/wp\/v2\/tags?post=9347"}],"curies":[{"name":"wp","href":"https:\/\/api.w.org\/{rel}","templated":true}]}}