{"id":9091,"date":"2018-04-16T10:11:32","date_gmt":"2018-04-16T08:11:32","guid":{"rendered":"https:\/\/www.vdsm.net\/wronline\/?p=9091"},"modified":"2018-04-16T10:12:57","modified_gmt":"2018-04-16T08:12:57","slug":"mit-unternehmenswertmensch-plus-fit-fuer-den-digitalen-wandel","status":"publish","type":"post","link":"https:\/\/www.vdsm.net\/wronline\/mit-unternehmenswertmensch-plus-fit-fuer-den-digitalen-wandel\/","title":{"rendered":"Mit \u201euWM plus\u201c fit f\u00fcr den digitalen Wandel"},"content":{"rendered":"<div class=\"einleitung\">\n<div>\n<p>Die Arbeitswelt der Zukunft wird schneller, bunter und vielf\u00e4ltiger \u2013 ma\u00dfgeblicher Treiber dieser Entwicklung: die Digitalisierung. Sie betrifft Unternehmen in fast allen Branchen. Insbesondere f\u00fcr kleine und mittelst\u00e4ndische Unternehmen (KMU) ist es heutzutage eine wirtschaftliche Notwendigkeit, nicht mehr weiter abzuwarten, sondern jetzt die Chancen der Digitalisierung zu nutzen.<\/p>\n<\/div>\n<\/div>\n<div>\n<p>Allerdings ist das f\u00fcr viele Unternehmen auch eine gro\u00dfe Herausforderung. Deshalb steht die Frage im Raum: Wie kann ein Unternehmen gemeinsam mit seinen Besch\u00e4ftigten solch einen komplexen Prozess ansto\u00dfen, um von der Digitalisierung zu profitieren? Hier setzt das neue F\u00f6rderprogramm \u201eunternehmensWert:Mensch plus\u201c (uWM plus) an, auf das die Regionalagentur f\u00fcr die Kreise Siegen-Wittgenstein und Olpe hinweist.<\/p>\n<p>Die Regionalagentur ist offizielle Erstberatungsstelle f\u00fcr das \u201euWM plus\u201c. In einem kostenlosen Gespr\u00e4ch werden zun\u00e4chst ganz unverbindlich m\u00f6gliche Herausforderungen skizziert, die der digitale Wandel f\u00fcr das Unternehmen mit sich bringt. Gleichzeitig wird gepr\u00fcft, ob das interessierte Unternehmen die F\u00f6rderkriterien erf\u00fcllt. Die weitere Beratung erfolgt dann durch ein speziell geschultes Beratungsunternehmen \u00fcber einen Zeitraum von sechs Monaten direkt vor Ort im Betrieb.<\/p>\n<p>Im Laufe dieses Prozesses werden in drei Arbeitsphasen innovative L\u00f6sungen auf ihre Praxistauglichkeit hin getestet. M\u00f6gliche Themen sind zum Beispiel Angebote zum mobilen Arbeiten, neue Arbeitszeitmodelle oder der Einsatz von digitalen Assistenzsystemen. Die gezielte Einbindung der Besch\u00e4ftigten als Experten in eigener Sache stellt sicher, dass deren wertvolle Erfahrungen aus dem Arbeitsalltag genutzt werden. Das schafft die notwendige Akzeptanz bei den Mitarbeiterinnen und Mitarbeitern, um die f\u00fcr gut befundenen Ma\u00dfnahmen nachhaltig umzusetzen.<\/p>\n<p>\u201euWM plus\u201c richtet sich bundesweit an Unternehmen, die mindestens seit zwei Jahren bestehen, weniger als 250 Besch\u00e4ftigte haben und deren Jahresumsatz weniger als 50 Millionen Euro betr\u00e4gt. Die F\u00f6rderung umfasst bis zu 12 Beratungstage, wobei die Kosten der Beratung zu 80 Prozent bezuschusst werden.<\/p>\n<p>Ausf\u00fchrliche Informationen zum Antragsverfahren und den F\u00f6rderbedingungen erhalten interessierte Unternehmen bei Elvira Schmengler von der Regionalagentur Siegen-Wittgenstein und Olpe (Telefon: 02761-81499) oder unter:\u00a0<a class=\"csslink_extern\" title=\"Externer Link\" href=\"http:\/\/www.regional-agentur.de\/\" target=\"_blank\" rel=\"noopener\">www.regional-agentur.de<\/a>.<\/p>\n<p>Die Regionalagentur Siegen-Wittgenstein und Olpe ist die Verbindungsstelle des nordrhein-westf\u00e4lischen Arbeitsministeriums mit der Region. Sie ist Anlaufstelle f\u00fcr die arbeitsmarktpolitischen F\u00f6rderprogramme des Landes NRW.<\/p>\n<\/div>\n","protected":false},"excerpt":{"rendered":"<p>Die Arbeitswelt der Zukunft wird schneller, bunter und vielf\u00e4ltiger \u2013 ma\u00dfgeblicher Treiber dieser Entwicklung: die Digitalisierung. Sie betrifft Unternehmen in fast allen Branchen. Insbesondere f\u00fcr&#8230;<\/p>\n","protected":false},"author":2,"featured_media":8198,"comment_status":"open","ping_status":"open","sticky":false,"template":"","format":"standard","meta":{"_jetpack_newsletter_access":"","_jetpack_dont_email_post_to_subs":false,"_jetpack_newsletter_tier_id":0,"_jetpack_memberships_contains_paywalled_content":false,"_jetpack_feature_clip_id":0,"_jetpack_memberships_contains_paid_content":false,"footnotes":"","jetpack_post_was_ever_published":false},"categories":[32,30,11],"tags":[],"class_list":["post-9091","post","type-post","status-publish","format-standard","has-post-thumbnail","hentry","category-infos","category-vermischtes","category-regionale-wirtschaft"],"jetpack_sharing_enabled":true,"jetpack_featured_media_url":"https:\/\/www.vdsm.net\/wronline\/wp-content\/uploads\/2017\/12\/digitalisierung.jpg","_links":{"self":[{"href":"https:\/\/www.vdsm.net\/wronline\/wp-json\/wp\/v2\/posts\/9091","targetHints":{"allow":["GET"]}}],"collection":[{"href":"https:\/\/www.vdsm.net\/wronline\/wp-json\/wp\/v2\/posts"}],"about":[{"href":"https:\/\/www.vdsm.net\/wronline\/wp-json\/wp\/v2\/types\/post"}],"author":[{"embeddable":true,"href":"https:\/\/www.vdsm.net\/wronline\/wp-json\/wp\/v2\/users\/2"}],"replies":[{"embeddable":true,"href":"https:\/\/www.vdsm.net\/wronline\/wp-json\/wp\/v2\/comments?post=9091"}],"version-history":[{"count":2,"href":"https:\/\/www.vdsm.net\/wronline\/wp-json\/wp\/v2\/posts\/9091\/revisions"}],"predecessor-version":[{"id":9093,"href":"https:\/\/www.vdsm.net\/wronline\/wp-json\/wp\/v2\/posts\/9091\/revisions\/9093"}],"wp:featuredmedia":[{"embeddable":true,"href":"https:\/\/www.vdsm.net\/wronline\/wp-json\/wp\/v2\/media\/8198"}],"wp:attachment":[{"href":"https:\/\/www.vdsm.net\/wronline\/wp-json\/wp\/v2\/media?parent=9091"}],"wp:term":[{"taxonomy":"category","embeddable":true,"href":"https:\/\/www.vdsm.net\/wronline\/wp-json\/wp\/v2\/categories?post=9091"},{"taxonomy":"post_tag","embeddable":true,"href":"https:\/\/www.vdsm.net\/wronline\/wp-json\/wp\/v2\/tags?post=9091"}],"curies":[{"name":"wp","href":"https:\/\/api.w.org\/{rel}","templated":true}]}}