{"id":9041,"date":"2018-04-06T10:12:54","date_gmt":"2018-04-06T08:12:54","guid":{"rendered":"https:\/\/www.vdsm.net\/wronline\/?p=9041"},"modified":"2018-04-06T10:21:26","modified_gmt":"2018-04-06T08:21:26","slug":"projekt-dritte-karriere-in-der-city-galerie","status":"publish","type":"post","link":"https:\/\/www.vdsm.net\/wronline\/projekt-dritte-karriere-in-der-city-galerie\/","title":{"rendered":"Projekt \u201eDritte Karriere\u201c in der City Galerie"},"content":{"rendered":"<p>\u201eDritte Karriere: Beruf. Familie. Wiedereinstieg\u201c \u2013 mit diesem Motto wirbt die Agentur f\u00fcr Arbeit Siegen in der Zeit vom 16. April bis zum 20. April 2018 im Erdgeschoss der City-Galerie Siegen f\u00fcr den beruflichen Wiedereinstieg von Frauen. Die beiden Expertinnen der Siegener Arbeitsagentur, Kerstin Fischer und Gabriele Zimmer, sind Ansprechpartnerinnen in dem Projekt \u201eDritte Karriere\u201c der Siegener Arbeitsagentur und stehen in dieser Zeit allen Interessierten mit wichtigen Informationen f\u00fcr den Weg zur\u00fcck ins Berufsleben zur Verf\u00fcgung. \u201eF\u00fchlen Sie sich angesprochen und schauen Sie bei uns vorbei. Lassen Sie uns ins Gespr\u00e4ch kommen. Ihre Fragen sind uns wichtig\u201c, laden Fischer und Zimmer zum Austausch ein.<\/p>\n<p>Das Private und den Beruf in Einklang zu bringen versucht sicherlich jeder auf seine Weise. Es gibt die unterschiedlichsten Lebensmodelle und Lebenssituationen. Es gibt die unterschiedlichsten Rollenbilder f\u00fcr M\u00e4nner und Frauen, die sich regional und zeitlich verschieden entwickelt haben. Diskussionen \u00fcber Frauenquoten in Aufsichtsr\u00e4ten, Frauen in M\u00e4nnerberufen und \u201eHerdpr\u00e4mien\u201c pr\u00e4gen die bundesweite Debatte. \u201eWenn wir dies alles einmal in den Hintergrund r\u00fccken und uns die Situation und die weitere Entwicklung unserer Region so objektiv wie m\u00f6glich betrachten, m\u00fcssen wir feststellen: Wir brauchen unsere Frauen am Arbeitsmarkt\u201c, erkl\u00e4rt Birgit Riemer-Schnabel, Beauftragte f\u00fcr Chancengleichheit am Arbeitsmarkt der Agentur f\u00fcr Arbeit.<\/p>\n<p>Ein gro\u00dfer Anteil der sogenannten \u201eStillen Reserve\u201c sind Frauen, die in einer Familienphase sind, oder kurz davor stehen diese zu beenden. Hier schlummert ein Potenzial von Arbeitskr\u00e4ften, das in naher Zukunft dringend auf unserem heimischen Arbeitsmarkt gebraucht wird. Die Siegener Arbeitsagentur f\u00fchrt daher seit 2015 gezielt das Projekt \u201eDritte Karriere: Beruf. Familie. Wiedereinstieg\u201c\u00a0 durch, mit dem Ziel die stille Reserve optimal zu beraten und beruflich in der Region zu integrieren.<\/p>\n","protected":false},"excerpt":{"rendered":"<p>\u201eDritte Karriere: Beruf. Familie. Wiedereinstieg\u201c \u2013 mit diesem Motto wirbt die Agentur f\u00fcr Arbeit Siegen in der Zeit vom 16. April bis zum 20. April&#8230;<\/p>\n","protected":false},"author":2,"featured_media":9042,"comment_status":"open","ping_status":"open","sticky":false,"template":"","format":"standard","meta":{"_jetpack_newsletter_access":"","_jetpack_dont_email_post_to_subs":false,"_jetpack_newsletter_tier_id":0,"_jetpack_memberships_contains_paywalled_content":false,"_jetpack_feature_clip_id":0,"_jetpack_memberships_contains_paid_content":false,"footnotes":"","jetpack_post_was_ever_published":false},"categories":[1,16,32,30,34],"tags":[],"class_list":["post-9041","post","type-post","status-publish","format-standard","has-post-thumbnail","hentry","category-aktuell","category-arbeitsmarkt","category-infos","category-vermischtes","category-termine"],"jetpack_sharing_enabled":true,"jetpack_featured_media_url":"https:\/\/www.vdsm.net\/wronline\/wp-content\/uploads\/2018\/04\/dritte-karriere.jpg","_links":{"self":[{"href":"https:\/\/www.vdsm.net\/wronline\/wp-json\/wp\/v2\/posts\/9041","targetHints":{"allow":["GET"]}}],"collection":[{"href":"https:\/\/www.vdsm.net\/wronline\/wp-json\/wp\/v2\/posts"}],"about":[{"href":"https:\/\/www.vdsm.net\/wronline\/wp-json\/wp\/v2\/types\/post"}],"author":[{"embeddable":true,"href":"https:\/\/www.vdsm.net\/wronline\/wp-json\/wp\/v2\/users\/2"}],"replies":[{"embeddable":true,"href":"https:\/\/www.vdsm.net\/wronline\/wp-json\/wp\/v2\/comments?post=9041"}],"version-history":[{"count":2,"href":"https:\/\/www.vdsm.net\/wronline\/wp-json\/wp\/v2\/posts\/9041\/revisions"}],"predecessor-version":[{"id":9044,"href":"https:\/\/www.vdsm.net\/wronline\/wp-json\/wp\/v2\/posts\/9041\/revisions\/9044"}],"wp:featuredmedia":[{"embeddable":true,"href":"https:\/\/www.vdsm.net\/wronline\/wp-json\/wp\/v2\/media\/9042"}],"wp:attachment":[{"href":"https:\/\/www.vdsm.net\/wronline\/wp-json\/wp\/v2\/media?parent=9041"}],"wp:term":[{"taxonomy":"category","embeddable":true,"href":"https:\/\/www.vdsm.net\/wronline\/wp-json\/wp\/v2\/categories?post=9041"},{"taxonomy":"post_tag","embeddable":true,"href":"https:\/\/www.vdsm.net\/wronline\/wp-json\/wp\/v2\/tags?post=9041"}],"curies":[{"name":"wp","href":"https:\/\/api.w.org\/{rel}","templated":true}]}}