{"id":8998,"date":"2018-03-29T12:15:34","date_gmt":"2018-03-29T10:15:34","guid":{"rendered":"https:\/\/www.vdsm.net\/wronline\/?p=8998"},"modified":"2018-03-29T12:15:34","modified_gmt":"2018-03-29T10:15:34","slug":"conception-eroeffnet-niederlassung-in-koeln","status":"publish","type":"post","link":"https:\/\/www.vdsm.net\/wronline\/conception-eroeffnet-niederlassung-in-koeln\/","title":{"rendered":"conception er\u00f6ffnet Niederlassung in K\u00f6ln"},"content":{"rendered":"<p>Um dem steigenden Bedarf an Fachkr\u00e4ften zu begegnen, m\u00fcssen Unternehmen heute ungew\u00f6hnliche Wege gehen. So richten einige Firmen einen eigenen Shuttle-Service ein und fahren ihre Mitarbeiter\/innen jeden Tag zur Arbeit und zur\u00fcck. Andere bieten freie Arbeitszeiten und das Arbeiten von zuhause aus an. Das Dienstleistungsunternehmen <a href=\"https:\/\/www.conception.cc\/\" target=\"_blank\" rel=\"noopener\">conception<\/a> etabliert jetzt eine neue Niederlassung am Standort K\u00f6ln, um neue Teammitglieder in den Bereichen Design und Entwicklung zu gewinnen.<\/p>\n<p>Warum der mit bereits 35 Mitarbeiterinnen und Mitarbeitern am Standort Siegen ans\u00e4ssige Dienstleister f\u00fcr Customer Experience, Digitalisierung und Kommunikation ausgerechnet den Weg nach K\u00f6ln geht, erkl\u00e4rt Gesch\u00e4ftsf\u00fchrer Ulf L\u00fcck so: \u201eWir erhoffen uns die notwendige Verst\u00e4rkung unseres Teams mit neuen Kolleginnen und Kollegen, die wir im Umkreis von Siegen nicht finden k\u00f6nnen. Gerade in den Bereichen Kommunikations- und UX-Design gibt es im Siegerland kein Fachkr\u00e4fte-Angebot. Au\u00dferdem m\u00f6chten wir Kolleginnen und Kollegen, deren Wohnort und Lebensmittelpunkt sich ohnehin schon im Umkreis von K\u00f6ln befinden, eine k\u00fcrzere Anfahrt zur Arbeit erm\u00f6glichen. Ganz nebenbei k\u00f6nnen unsere Kunden aus dem Rheinland jetzt auch vom Standort K\u00f6ln aus betreut werden. Und nat\u00fcrlich erhoffen wir uns durch unsere Anwesenheit in einer der gr\u00f6\u00dften deutschen Medienst\u00e4dte neue, zeitgem\u00e4\u00dfe Impulse und Ideen.\u201c<\/p>\n<p>Das neue B\u00fcro ist von Siegen aus in einer Autostunde zu erreichen und liegt in K\u00f6lns bester Lage im Stadtteil Deutz direkt am Rhein. In direkter Nachbarschaft zur RTL-Gruppe und zur Messe K\u00f6ln befindet sich das wundersch\u00f6ne und auff\u00e4llige Geb\u00e4ude \u201eThe View Cologne\u201c. The View wurde 1969 als Festpavillon der K\u00f6lner Messe erbaut. In dem Geb\u00e4ude, das unter Bestandsschutz steht und 2014 unter strengen Auflagen restauriert wurde, arbeitet ab dem 01. April ein Team mit vorl\u00e4ufig bis zu 6 Mitarbeitern.<\/p>\n<p>Ulf L\u00fcck erl\u00e4utert weiter: \u201eIn Zeiten zunehmend erforderlicher Mobilit\u00e4t und Flexibilit\u00e4t passt diese Ma\u00dfnahme perfekt in unsere Unternehmensstrategie, die auf eine weitere Ausdehnung des Leistungsportfolios, eine zunehmende Professionalisierung, dauerhafte wirtschaftliche Stabilit\u00e4t und auf kontrolliertes Wachstum ausgelegt ist. Mit conception Cologne werden wir noch mehr Expertise im Team und ganz neue Perspektiven bekommen.\u201c<\/p>\n","protected":false},"excerpt":{"rendered":"<p>Um dem steigenden Bedarf an Fachkr\u00e4ften zu begegnen, m\u00fcssen Unternehmen heute ungew\u00f6hnliche Wege gehen. So richten einige Firmen einen eigenen Shuttle-Service ein und fahren ihre&#8230;<\/p>\n","protected":false},"author":2,"featured_media":8999,"comment_status":"open","ping_status":"open","sticky":false,"template":"","format":"standard","meta":{"_jetpack_newsletter_access":"","_jetpack_dont_email_post_to_subs":false,"_jetpack_newsletter_tier_id":0,"_jetpack_memberships_contains_paywalled_content":false,"_jetpack_feature_clip_id":0,"_jetpack_memberships_contains_paid_content":false,"footnotes":"","jetpack_post_was_ever_published":false},"categories":[10],"tags":[],"class_list":["post-8998","post","type-post","status-publish","format-standard","has-post-thumbnail","hentry","category-unternehmen"],"jetpack_sharing_enabled":true,"jetpack_featured_media_url":"https:\/\/www.vdsm.net\/wronline\/wp-content\/uploads\/2018\/03\/conception-k\u00f6ln.jpg","_links":{"self":[{"href":"https:\/\/www.vdsm.net\/wronline\/wp-json\/wp\/v2\/posts\/8998","targetHints":{"allow":["GET"]}}],"collection":[{"href":"https:\/\/www.vdsm.net\/wronline\/wp-json\/wp\/v2\/posts"}],"about":[{"href":"https:\/\/www.vdsm.net\/wronline\/wp-json\/wp\/v2\/types\/post"}],"author":[{"embeddable":true,"href":"https:\/\/www.vdsm.net\/wronline\/wp-json\/wp\/v2\/users\/2"}],"replies":[{"embeddable":true,"href":"https:\/\/www.vdsm.net\/wronline\/wp-json\/wp\/v2\/comments?post=8998"}],"version-history":[{"count":4,"href":"https:\/\/www.vdsm.net\/wronline\/wp-json\/wp\/v2\/posts\/8998\/revisions"}],"predecessor-version":[{"id":9003,"href":"https:\/\/www.vdsm.net\/wronline\/wp-json\/wp\/v2\/posts\/8998\/revisions\/9003"}],"wp:featuredmedia":[{"embeddable":true,"href":"https:\/\/www.vdsm.net\/wronline\/wp-json\/wp\/v2\/media\/8999"}],"wp:attachment":[{"href":"https:\/\/www.vdsm.net\/wronline\/wp-json\/wp\/v2\/media?parent=8998"}],"wp:term":[{"taxonomy":"category","embeddable":true,"href":"https:\/\/www.vdsm.net\/wronline\/wp-json\/wp\/v2\/categories?post=8998"},{"taxonomy":"post_tag","embeddable":true,"href":"https:\/\/www.vdsm.net\/wronline\/wp-json\/wp\/v2\/tags?post=8998"}],"curies":[{"name":"wp","href":"https:\/\/api.w.org\/{rel}","templated":true}]}}