{"id":8962,"date":"2018-03-27T14:06:10","date_gmt":"2018-03-27T12:06:10","guid":{"rendered":"https:\/\/www.vdsm.net\/wronline\/?p=8962"},"modified":"2018-03-27T14:07:02","modified_gmt":"2018-03-27T12:07:02","slug":"neue-wege-in-der-pflegeausbildung","status":"publish","type":"post","link":"https:\/\/www.vdsm.net\/wronline\/neue-wege-in-der-pflegeausbildung\/","title":{"rendered":"Neue Wege in der Pflegeausbildung"},"content":{"rendered":"<p>Sie sind gefragt und begehrt. Pflegefachkr\u00e4fte in Deutschland. Doch alle sind sich einig, dass der zuk\u00fcnftige Bedarf an qualifiziertem Personal in der Pflege nicht mehr allein mit den Schulabg\u00e4ngern\/innen zu decken sein wird. Die in vielen Regionen bereits r\u00fcckl\u00e4ufigen Bewerberzahlen und der parallel steigende Bedarf an Pflegefachkr\u00e4ften fordern von allen Akteuren im Ausbildungsbereich ein zus\u00e4tzliches Engagement und die Er\u00f6ffnung neuer Wege in eine qualifizierte Pflegeausbildung. Die Fortbildungsakademie f\u00fcr Gesundheitshilfe und die Agentur f\u00fcr Arbeit ziehen in der Ausbildung von Gesundheitsberufen dazu an einem Strang.<\/p>\n<p>Am 10.04.2018 veranstalten die Agentur f\u00fcr Arbeit Siegen und die Fortbildungsakademie erstmalig eine Fachmesse f\u00fcr Gesundheitsberufe in der Fortbildungsakademie in Rhode, Alte Landstr. 6. Expertinnen und Experten bieten in der Zeit von 15.00 bis 19.00 Uhr Beratungen und Informationen rund um die Themen Ausbildung- und Weiterbildung, Umschulung sowie berufsbegleitende Hilfen und F\u00f6rderm\u00f6glichkeiten im Bereich der Gesundheits- und Pflegeberufe.<\/p>\n<p>Besonders interessant ist das Angebot einer Teilzeitberufsausbildung in der Gesundheits- und Krankenpflege an der ersten Abendschule in Deutschland. Die Ausbildung ist staatlich anerkannt und f\u00fchrt zum Berufsabschluss \u201eGesundheits- und Krankenpflegerin bzw. zum Gesundheits- und Krankenpfleger\u201c Der theoretische und praktische Teil der Ausbildung dauert vier Jahre. Die theoretische Ausbildung in Form einer Abendschule erfolgt an der Fortbildungsakademie an drei Abenden. Die fachpraktische Ausbildung wird in den Kliniken der Katholischen Hospitalgesellschaft S\u00fcdwestfalen absolviert. Die Teilzeitberufsausbildung, die mit einem neuen Jahrgang am 01.06.2018 startet, bietet gute Perspektiven, Familie und Berufsausbildung zu vereinbaren.<\/p>\n<p>Frank Schmidt, Vorsitzender der Gesch\u00e4ftsf\u00fchrung der Agentur f\u00fcr Arbeit Siegen erkl\u00e4rt: \u201eZuk\u00fcnftig wird es f\u00fcr Kliniktr\u00e4ger immer schwieriger, die bestehenden Ausbildungspl\u00e4tze in der Gesundheits- und Krankenpflege besetzen zu k\u00f6nnen. Regional m\u00fcssen deshalb attraktive und innovative Ausbildungsangebote geschaffen werden, die allen Interessenten den Weg in eine Ausbildung in den Gesundheitsberufen zug\u00e4nglich macht. Die Vereinbarkeit von Familie und beruflicher Ausbildung m\u00fcssen in neuen und zukunftsweisenden Konzepten erkennbar \u00a0sein und gelebt werden. Ich freue mich, dass wir mit diesem Konzept hier vor Ort Vorreiter sind.\u201c<\/p>\n<p>Wolfgang Fischbach, Schulleiter der Fortbildungsakademie erg\u00e4nzt: \u201eAngebote wie die Abendschule und die damit verbundene Teilzeitausbildung in der Gesundheits- und Krankenpflege sind neue Wege, um dem drohenden Pflegenotstand im s\u00fcdwestf\u00e4lischen Raum entgegenzuwirken. Entscheidend wird es sein, wie sich Arbeitgeber auf die ver\u00e4nderten Bedingungen auf dem Arbeitsmarkt einstellen. F\u00fcr uns ist die Agentur f\u00fcr Arbeit dabei ein ganz wichtiger Partner<span style=\"text-decoration: line-through;\">,<\/span> in der Ausbildung der Gesundheitsberufe.\u201c<\/p>\n<p>Das Konzept der Abendschule umfasst die folgenden wesentlichen Eckpfeiler:<\/p>\n<ul>\n<li>Die theoretische und praktische Ausbildung erfolgt als Teilzeitausbildung und dauert 4 Jahre.<\/li>\n<li>Die Ausbildung ist mit 25 Ausbildungspl\u00e4tzen staatlich anerkannt und f\u00fchrt zu dem Berufsabschluss \u201eGesundheits- und Krankenpflegerin bzw. zum Gesundheits- und Krankenpfleger\u201c.<\/li>\n<li>Der neue Ausbildungsjahrgang beginnt am 01.06.2018.<\/li>\n<li>Konzeptionell sind drei Ausbildungsmodule mit einer Dauer von jeweils 16 Monaten hinterlegt.<\/li>\n<li>Die theoretische Ausbildung am Lernort Schule erfolgt ausschlie\u00dflich in Form einer Abendschule.<\/li>\n<li>Der abendliche Unterricht wird an drei Abenden mit jeweils 4 Unterrichtsstunden durchgef\u00fchrt.<\/li>\n<li>Die Unterrichtszeiten sind montags, dienstags und mittwochs jeweils von 17:30 Uhr bis 20:45 Uhr.<\/li>\n<li>Der Unterricht findet an bis zu 44 Wochen im Jahr statt. Ein verbindlicher Ausbildungsplan definiert die Zeiten an dem Lernort Schule.<\/li>\n<li>Ein Lernangebot als E-Learning erg\u00e4nzt die theoretische Ausbildung.<\/li>\n<li>Die Teilnehmerzahl ist auf 25 Personen begrenzt. Ein sp\u00e4terer Einstieg ist bei Vorliegen eines Verk\u00fcrzungstatbestandes auf Antrag und Pr\u00fcfung m\u00f6glich.<\/li>\n<li>W\u00e4hrend der Ausbildungszeit erh\u00e4lt die Teilnehmerin \/ der Teilnehmer eine regul\u00e4re Ausbildungsverg\u00fctung.<\/li>\n<li>Die Ausbildung am Lernort Praxis ist in 16 Praxismodule gegliedert. Ein Modul umfasst jeweils 3 Monate und einen Stundenanteil von rd. 200 Zeitstunden. Ein verbindlicher Ausbildungsplan definiert die Zeiten und die Einsatzorte am Lernort Praxis. Der Ausbildungsplan wird jeweils f\u00fcr ein Modul, mithin f\u00fcr 16 Monate im Voraus ausgegeben.<\/li>\n<li>Die Ausbildung endet mit einer staatlichen Pr\u00fcfung bestehend aus einem schriftlichen, einem praktischen und einem m\u00fcndlichen Pr\u00fcfungsteil.<\/li>\n<\/ul>\n<p>Bewerbungen werden von der Fortbildungsakademie f\u00fcr Gesundheitshilfe in Olpe-Rhode, Alte Landstr. 6 entgegen genommen. F\u00fcr Fragen zur Ausbildung steht das Sekretariat unter (02761) 943208 oder per E-Mail an sekretariat@fortbildungsakademie-olpe.de zur Verf\u00fcgung.<\/p>\n<p>Weitere Informationen zu den Themen Weiterbildung und Umschulung halten die Ansprechpartner der Agentur f\u00fcr Arbeit Siegen bereit.<\/p>\n","protected":false},"excerpt":{"rendered":"<p>Sie sind gefragt und begehrt. Pflegefachkr\u00e4fte in Deutschland. Doch alle sind sich einig, dass der zuk\u00fcnftige Bedarf an qualifiziertem Personal in der Pflege nicht mehr&#8230;<\/p>\n","protected":false},"author":2,"featured_media":8963,"comment_status":"open","ping_status":"open","sticky":false,"template":"","format":"standard","meta":{"_jetpack_newsletter_access":"","_jetpack_dont_email_post_to_subs":false,"_jetpack_newsletter_tier_id":0,"_jetpack_memberships_contains_paywalled_content":false,"_jetpack_feature_clip_id":0,"_jetpack_memberships_contains_paid_content":false,"footnotes":"","jetpack_post_was_ever_published":false},"categories":[16,32,34],"tags":[],"class_list":["post-8962","post","type-post","status-publish","format-standard","has-post-thumbnail","hentry","category-arbeitsmarkt","category-infos","category-termine"],"jetpack_sharing_enabled":true,"jetpack_featured_media_url":"https:\/\/www.vdsm.net\/wronline\/wp-content\/uploads\/2018\/03\/Presseinfo_25_Fachmesse_Ges.jpg","_links":{"self":[{"href":"https:\/\/www.vdsm.net\/wronline\/wp-json\/wp\/v2\/posts\/8962","targetHints":{"allow":["GET"]}}],"collection":[{"href":"https:\/\/www.vdsm.net\/wronline\/wp-json\/wp\/v2\/posts"}],"about":[{"href":"https:\/\/www.vdsm.net\/wronline\/wp-json\/wp\/v2\/types\/post"}],"author":[{"embeddable":true,"href":"https:\/\/www.vdsm.net\/wronline\/wp-json\/wp\/v2\/users\/2"}],"replies":[{"embeddable":true,"href":"https:\/\/www.vdsm.net\/wronline\/wp-json\/wp\/v2\/comments?post=8962"}],"version-history":[{"count":4,"href":"https:\/\/www.vdsm.net\/wronline\/wp-json\/wp\/v2\/posts\/8962\/revisions"}],"predecessor-version":[{"id":8967,"href":"https:\/\/www.vdsm.net\/wronline\/wp-json\/wp\/v2\/posts\/8962\/revisions\/8967"}],"wp:featuredmedia":[{"embeddable":true,"href":"https:\/\/www.vdsm.net\/wronline\/wp-json\/wp\/v2\/media\/8963"}],"wp:attachment":[{"href":"https:\/\/www.vdsm.net\/wronline\/wp-json\/wp\/v2\/media?parent=8962"}],"wp:term":[{"taxonomy":"category","embeddable":true,"href":"https:\/\/www.vdsm.net\/wronline\/wp-json\/wp\/v2\/categories?post=8962"},{"taxonomy":"post_tag","embeddable":true,"href":"https:\/\/www.vdsm.net\/wronline\/wp-json\/wp\/v2\/tags?post=8962"}],"curies":[{"name":"wp","href":"https:\/\/api.w.org\/{rel}","templated":true}]}}