{"id":8929,"date":"2018-03-23T11:14:13","date_gmt":"2018-03-23T10:14:13","guid":{"rendered":"https:\/\/www.vdsm.net\/wronline\/?p=8929"},"modified":"2018-03-23T11:14:13","modified_gmt":"2018-03-23T10:14:13","slug":"wie-gelingt-der-berufliche-wiedereinstieg","status":"publish","type":"post","link":"https:\/\/www.vdsm.net\/wronline\/wie-gelingt-der-berufliche-wiedereinstieg\/","title":{"rendered":"Wie gelingt der berufliche Wiedereinstieg ?"},"content":{"rendered":"<p>&#8230; beispielsweise nach der Elternzeit. Diese Frage beantwortet Birgit Riemer-Schnabel, Beauftragte f\u00fcr Chancengleichheit am Arbeitsmarkt der Agentur f\u00fcr Arbeit Siegen in ihren regelm\u00e4\u00dfigen Infoveranstaltungen. In rund zweieinhalb Stunden gibt Riemer-Schnabel wertvolle Tipps zur Berufsr\u00fcckkehr und kl\u00e4rt erste Fragen zur Bewerbung und m\u00f6glichen beruflichen Perspektiven.<\/p>\n<p>Die n\u00e4chste <strong>Veranstaltung in Siegen<\/strong> ist am <strong>10. April<\/strong> von 9 bis 11:30 Uhr. Sie findet im BIZ-Gruppenraum E.93 in der Agentur f\u00fcr Arbeit in Siegen, Emilienstra\u00dfe 45, statt.<\/p>\n<p>Eine Anmeldung ist nicht erforderlich.<\/p>\n<p>In der Infoveranstaltung informiert Riemer-Schnabel auch \u00fcber das Agentur-Projekt \u201aDritte Karriere\u2018. In dem Projekt bilden Kerstin Fischer aus der Arbeitsvermittlung und Gabriele Zimmer aus dem Arbeitgeber-Service ein Team. Gemeinsam beraten die beiden Vermittlerinnen Personen, die f\u00fcr die Familien-Karriere ihre Berufst\u00e4tigkeit beendet haben und wieder im Berufsleben Fu\u00df fassen wollen.<\/p>\n","protected":false},"excerpt":{"rendered":"<p>&#8230; beispielsweise nach der Elternzeit. Diese Frage beantwortet Birgit Riemer-Schnabel, Beauftragte f\u00fcr Chancengleichheit am Arbeitsmarkt der Agentur f\u00fcr Arbeit Siegen in ihren regelm\u00e4\u00dfigen Infoveranstaltungen. In&#8230;<\/p>\n","protected":false},"author":2,"featured_media":2674,"comment_status":"open","ping_status":"open","sticky":false,"template":"","format":"standard","meta":{"_jetpack_newsletter_access":"","_jetpack_dont_email_post_to_subs":false,"_jetpack_newsletter_tier_id":0,"_jetpack_memberships_contains_paywalled_content":false,"_jetpack_feature_clip_id":0,"_jetpack_memberships_contains_paid_content":false,"footnotes":"","jetpack_post_was_ever_published":false},"categories":[16,32,34],"tags":[],"class_list":["post-8929","post","type-post","status-publish","format-standard","has-post-thumbnail","hentry","category-arbeitsmarkt","category-infos","category-termine"],"jetpack_sharing_enabled":true,"jetpack_featured_media_url":"https:\/\/www.vdsm.net\/wronline\/wp-content\/uploads\/2015\/08\/wronline-header-arbeitsmarkt.jpg","_links":{"self":[{"href":"https:\/\/www.vdsm.net\/wronline\/wp-json\/wp\/v2\/posts\/8929","targetHints":{"allow":["GET"]}}],"collection":[{"href":"https:\/\/www.vdsm.net\/wronline\/wp-json\/wp\/v2\/posts"}],"about":[{"href":"https:\/\/www.vdsm.net\/wronline\/wp-json\/wp\/v2\/types\/post"}],"author":[{"embeddable":true,"href":"https:\/\/www.vdsm.net\/wronline\/wp-json\/wp\/v2\/users\/2"}],"replies":[{"embeddable":true,"href":"https:\/\/www.vdsm.net\/wronline\/wp-json\/wp\/v2\/comments?post=8929"}],"version-history":[{"count":1,"href":"https:\/\/www.vdsm.net\/wronline\/wp-json\/wp\/v2\/posts\/8929\/revisions"}],"predecessor-version":[{"id":8930,"href":"https:\/\/www.vdsm.net\/wronline\/wp-json\/wp\/v2\/posts\/8929\/revisions\/8930"}],"wp:featuredmedia":[{"embeddable":true,"href":"https:\/\/www.vdsm.net\/wronline\/wp-json\/wp\/v2\/media\/2674"}],"wp:attachment":[{"href":"https:\/\/www.vdsm.net\/wronline\/wp-json\/wp\/v2\/media?parent=8929"}],"wp:term":[{"taxonomy":"category","embeddable":true,"href":"https:\/\/www.vdsm.net\/wronline\/wp-json\/wp\/v2\/categories?post=8929"},{"taxonomy":"post_tag","embeddable":true,"href":"https:\/\/www.vdsm.net\/wronline\/wp-json\/wp\/v2\/tags?post=8929"}],"curies":[{"name":"wp","href":"https:\/\/api.w.org\/{rel}","templated":true}]}}