{"id":8555,"date":"2018-01-31T10:38:10","date_gmt":"2018-01-31T09:38:10","guid":{"rendered":"https:\/\/www.vdsm.net\/wronline\/?p=8555"},"modified":"2018-01-31T16:09:44","modified_gmt":"2018-01-31T15:09:44","slug":"erstmals-ausbildungsmesse-in-wittgenstein","status":"publish","type":"post","link":"https:\/\/www.vdsm.net\/wronline\/erstmals-ausbildungsmesse-in-wittgenstein\/","title":{"rendered":"Erstmals Ausbildungsmesse in Wittgenstein"},"content":{"rendered":"<p>Die Wittgensteiner Ausbildungsmesse \u00f6ffnet erstmalig am 10. Februar 2018 von 9 bis 13 Uhr im Berufskolleg Wittgenstein in Bad Berleburg ihre Pforten. Regionale Unternehmen und die Industrie- und Handelskammer (IHK) Siegen haben diese Messe ins Leben gerufen, um Sch\u00fcler und Eltern \u00fcber die vielf\u00e4ltigen M\u00f6glichkeiten der Ausbildung, des dualen Studiums und der Karrierem\u00f6glichkeiten in der Region zu informieren.<\/p>\n<p>\u201eDer Altkreis Wittgenstein bietet jungen Menschen hervorragende berufliche Perspektiven. Um diese umfassend darzustellen, sind neben Industrie und Handel auch das Handwerk, der Verband f\u00fcr Garten- und Landschaftsbau, Steuerberater, Rechtsanw\u00e4lte, Apotheker und die Landwirtschaftskammer vertreten\u201c, betont IHK-Gesch\u00e4ftsf\u00fchrer Klaus Fenster.<\/p>\n<p>Einen Tag vor der Ausbildungsmesse, am 9. Februar 2018, haben Sch\u00fclerinnen und Sch\u00fcler der Jahrgangsstufen acht und neun die M\u00f6glichkeit, drei Berufsfelder n\u00e4her kennenzulernen. Dazu stehen im Berufskolleg Wittgenstein \u00fcber 50 geschulte Ausbildungsbotschafter\/innen bereit, die den Sch\u00fcler\/innen auf Augenh\u00f6he ihren Ausbildungsberuf nahe bringen. \u00dcber 500 Sch\u00fcler\/innen der folgenden Schulen nehmen teil: Ludwig-zu-Sayn-Wittgenstein-Schule &#8211; Hauptschule der Stadt Bad Berleburg, St\u00e4dtische Realschule Bad Berleburg, Private Realschule Schloss Wittgenstein und Realschule Erndtebr\u00fcck. Die gro\u00dfe Bereitschaft der Unternehmen, diese \u201eBerufsfelderkundung\u201c aktiv zu unterst\u00fctzen und Ausbildungsbotschafter\/innen freizustellen, zeigt den hohen Stellenwert f\u00fcr die Wittgensteiner Region. So k\u00f6nnen die Sch\u00fcler\/innen aus zw\u00f6lf verschiedenen Berufsfeldern w\u00e4hlen. \u201eVom Baubereich \u00fcber medizinische Berufe bis hin zu Berufen in den Bereichen Metall, Wirtschaft, Logistik, K\u00f6rperpflege und Gastronomie werden hier rund 40 unterschiedliche Berufe vorgestellt\u201c, so Dagmar Gierse von der IHK Siegen.<\/p>\n<p>\u201eDas Berufskolleg Wittgenstein \u00f6ffnet f\u00fcr diese Messe sehr gerne seine T\u00fcren\u201c, unterstreicht der stellvertretende Schulleiter Ingo Gieseler. Schon die kleineren Hausmessen der vergangenen Jahre am Berufskolleg h\u00e4tten gezeigt, wie wichtig den regionalen Unternehmen das lokale Angebot sei. Das Engagement des Berufskollegs ist entsprechend gro\u00df \u2013 Catering und Infrastruktur werden von den Lehrern und Sch\u00fclern in Eigenregie gemanagt. Durch die Messe angesprochen sind alle Sch\u00fcler, vornehmlich der Jahrg\u00e4nge 8 bis 12 und nat\u00fcrlich deren Eltern. Vertreten sind Aussteller aus Industrie, Handel, Handwerk und Dienstleistung. Neben den Ausbildern sind auch Auszubildende vor Ort, die erfahrungsgem\u00e4\u00df am leichtesten mit den jungen Besuchern ins Gespr\u00e4ch kommen.<\/p>\n<p><span style=\"font-family: 'Arial','sans-serif';\">Besonders interessant f\u00fcr diesj\u00e4hrige Schulabsolventen d\u00fcrfte die Ausbildungsplatzb\u00f6rse sein. Dort werden f\u00fcr 2018 noch Ausbildungsstellen angeboten. Eine gute M\u00f6glichkeit direkt mit den Unternehmen Kontakt aufzunehmen und sich umfassend zu informieren.<\/span><\/p>\n<p><span style=\"font-family: 'Arial','sans-serif';\">Weitere Informationen \u00fcber die Aussteller und die Ausbildungsberufe stehen auf der Internetseite <\/span><a href=\"https:\/\/www.ihk-siegen.de\/ausbildung-fortbildung-und-studium\/servicestelle-fachkraeftesicherung\/wittgensteiner-ausbildungsmesse-2018\/\" target=\"_blank\" rel=\"noopener\"><span style=\"font-family: 'Arial','sans-serif';\">www.wittgensteiner-ausbildungsmesse.de<\/span><\/a> <span style=\"color: blue;\">. <\/span><span style=\"font-family: 'Arial','sans-serif';\">Besuchen<\/span> <span style=\"font-family: 'Arial','sans-serif'; color: #2f2f2f;\">Sie uns auch auf Facebook unter <\/span><a href=\"http:\/\/www.facebook.com\/AusbildungsmesseWittgenstein\" target=\"_blank\" rel=\"noopener\"><span style=\"font-family: 'Arial','sans-serif';\">www.facebook.com\/AusbildungsmesseWittgenstein<\/span><\/a><span style=\"font-family: 'Arial','sans-serif'; color: blue;\"> . <\/span><span style=\"font-family: 'Arial','sans-serif';\">Hintergrundinformationen erhalten Sie bei Dagmar Gierse, Tel.: 0271 3302-204, E-Mail: <a href=\"mailto:dagmar.gierse@siegen.ihk.de\">dagmar.gierse@siegen.ihk.de<\/a>.<\/span><\/p>\n","protected":false},"excerpt":{"rendered":"<p>Die Wittgensteiner Ausbildungsmesse \u00f6ffnet erstmalig am 10. Februar 2018 von 9 bis 13 Uhr im Berufskolleg Wittgenstein in Bad Berleburg ihre Pforten. Regionale Unternehmen und&#8230;<\/p>\n","protected":false},"author":2,"featured_media":8559,"comment_status":"open","ping_status":"open","sticky":false,"template":"","format":"standard","meta":{"_jetpack_newsletter_access":"","_jetpack_dont_email_post_to_subs":false,"_jetpack_newsletter_tier_id":0,"_jetpack_memberships_contains_paywalled_content":false,"_jetpack_feature_clip_id":0,"_jetpack_memberships_contains_paid_content":false,"footnotes":"","jetpack_post_was_ever_published":false},"categories":[1,8,32,30],"tags":[],"class_list":["post-8555","post","type-post","status-publish","format-standard","has-post-thumbnail","hentry","category-aktuell","category-ausbildung","category-infos","category-vermischtes"],"jetpack_sharing_enabled":true,"jetpack_featured_media_url":"https:\/\/www.vdsm.net\/wronline\/wp-content\/uploads\/2018\/01\/aubmesse-wittgenstein.jpg","_links":{"self":[{"href":"https:\/\/www.vdsm.net\/wronline\/wp-json\/wp\/v2\/posts\/8555","targetHints":{"allow":["GET"]}}],"collection":[{"href":"https:\/\/www.vdsm.net\/wronline\/wp-json\/wp\/v2\/posts"}],"about":[{"href":"https:\/\/www.vdsm.net\/wronline\/wp-json\/wp\/v2\/types\/post"}],"author":[{"embeddable":true,"href":"https:\/\/www.vdsm.net\/wronline\/wp-json\/wp\/v2\/users\/2"}],"replies":[{"embeddable":true,"href":"https:\/\/www.vdsm.net\/wronline\/wp-json\/wp\/v2\/comments?post=8555"}],"version-history":[{"count":3,"href":"https:\/\/www.vdsm.net\/wronline\/wp-json\/wp\/v2\/posts\/8555\/revisions"}],"predecessor-version":[{"id":8560,"href":"https:\/\/www.vdsm.net\/wronline\/wp-json\/wp\/v2\/posts\/8555\/revisions\/8560"}],"wp:featuredmedia":[{"embeddable":true,"href":"https:\/\/www.vdsm.net\/wronline\/wp-json\/wp\/v2\/media\/8559"}],"wp:attachment":[{"href":"https:\/\/www.vdsm.net\/wronline\/wp-json\/wp\/v2\/media?parent=8555"}],"wp:term":[{"taxonomy":"category","embeddable":true,"href":"https:\/\/www.vdsm.net\/wronline\/wp-json\/wp\/v2\/categories?post=8555"},{"taxonomy":"post_tag","embeddable":true,"href":"https:\/\/www.vdsm.net\/wronline\/wp-json\/wp\/v2\/tags?post=8555"}],"curies":[{"name":"wp","href":"https:\/\/api.w.org\/{rel}","templated":true}]}}