{"id":8551,"date":"2018-01-31T10:17:04","date_gmt":"2018-01-31T09:17:04","guid":{"rendered":"https:\/\/www.vdsm.net\/wronline\/?p=8551"},"modified":"2018-01-31T10:17:04","modified_gmt":"2018-01-31T09:17:04","slug":"bereits-2-955-ausbildungsstellen-gemeldet","status":"publish","type":"post","link":"https:\/\/www.vdsm.net\/wronline\/bereits-2-955-ausbildungsstellen-gemeldet\/","title":{"rendered":"Bereits 2.955 Ausbildungsstellen gemeldet"},"content":{"rendered":"<p>Bei der Agentur f\u00fcr Arbeit sind bereits im Januar 2.955 Ausbildungsstellen f\u00fcr das kommende Lehrjahr gemeldet. \u201eNoch nie zuvor haben die Unternehmen bis Januar so viele Stellen bei uns gemeldet\u201c, berichtet Frank Schmidt, Chef der Siegener Arbeitsagentur. Der hohe Stellenstand zeige, dass die Betriebe dringend Auszubildende suchen. \u201eF\u00fcr die Bewerberinnen und Bewerber ist die Situation nat\u00fcrlich komfortabel, denn sie k\u00f6nnen sich auf eine gro\u00dfe Vielfalt an Ausbildungsstellen bewerben\u201c. Schmidt l\u00e4dt die Ausbildungssuchenden ein, sich fr\u00fchzeitig bei der Agentur zu melden: \u201eUnsere Berufsberater unterst\u00fctzen gerne bei der Suche nach dem richtigen Ausbildungsplatz.\u201c Einen Termin bei den Berufsberatern k\u00f6nnen Jugendliche \u00fcber die kostenlose Hotline 0800 4-5555-00 vereinbaren.<\/p>\n<p>Auch die regionalen Messen \u201eAusbildungsmesse S\u00fcdSiegerland\u201c bei SSI Sch\u00e4fer am 07.02.2018 und die Wittgensteiner Ausbildungsmesse am Berufskolleg Wittgenstein am 10.02.2018 bieten gute Orientierungsm\u00f6glichkeiten f\u00fcr die jungen Menschen. \u201eDaher empfehle ich allen Ausbildungsplatzsuchenden den Besuch und den pers\u00f6nlichen Austausch mit den dort vertretenen Arbeitgebern\u201c, so Schmidt.<\/p>\n","protected":false},"excerpt":{"rendered":"<p>Bei der Agentur f\u00fcr Arbeit sind bereits im Januar 2.955 Ausbildungsstellen f\u00fcr das kommende Lehrjahr gemeldet. \u201eNoch nie zuvor haben die Unternehmen bis Januar so&#8230;<\/p>\n","protected":false},"author":2,"featured_media":2676,"comment_status":"open","ping_status":"open","sticky":false,"template":"","format":"standard","meta":{"_jetpack_newsletter_access":"","_jetpack_dont_email_post_to_subs":false,"_jetpack_newsletter_tier_id":0,"_jetpack_memberships_contains_paywalled_content":false,"_jetpack_feature_clip_id":0,"_jetpack_memberships_contains_paid_content":false,"footnotes":"","jetpack_post_was_ever_published":false},"categories":[16],"tags":[],"class_list":["post-8551","post","type-post","status-publish","format-standard","has-post-thumbnail","hentry","category-arbeitsmarkt"],"jetpack_sharing_enabled":true,"jetpack_featured_media_url":"https:\/\/www.vdsm.net\/wronline\/wp-content\/uploads\/2015\/08\/wronline-header-ausbildung.jpg","_links":{"self":[{"href":"https:\/\/www.vdsm.net\/wronline\/wp-json\/wp\/v2\/posts\/8551","targetHints":{"allow":["GET"]}}],"collection":[{"href":"https:\/\/www.vdsm.net\/wronline\/wp-json\/wp\/v2\/posts"}],"about":[{"href":"https:\/\/www.vdsm.net\/wronline\/wp-json\/wp\/v2\/types\/post"}],"author":[{"embeddable":true,"href":"https:\/\/www.vdsm.net\/wronline\/wp-json\/wp\/v2\/users\/2"}],"replies":[{"embeddable":true,"href":"https:\/\/www.vdsm.net\/wronline\/wp-json\/wp\/v2\/comments?post=8551"}],"version-history":[{"count":1,"href":"https:\/\/www.vdsm.net\/wronline\/wp-json\/wp\/v2\/posts\/8551\/revisions"}],"predecessor-version":[{"id":8552,"href":"https:\/\/www.vdsm.net\/wronline\/wp-json\/wp\/v2\/posts\/8551\/revisions\/8552"}],"wp:featuredmedia":[{"embeddable":true,"href":"https:\/\/www.vdsm.net\/wronline\/wp-json\/wp\/v2\/media\/2676"}],"wp:attachment":[{"href":"https:\/\/www.vdsm.net\/wronline\/wp-json\/wp\/v2\/media?parent=8551"}],"wp:term":[{"taxonomy":"category","embeddable":true,"href":"https:\/\/www.vdsm.net\/wronline\/wp-json\/wp\/v2\/categories?post=8551"},{"taxonomy":"post_tag","embeddable":true,"href":"https:\/\/www.vdsm.net\/wronline\/wp-json\/wp\/v2\/tags?post=8551"}],"curies":[{"name":"wp","href":"https:\/\/api.w.org\/{rel}","templated":true}]}}