{"id":8548,"date":"2018-01-31T10:10:07","date_gmt":"2018-01-31T09:10:07","guid":{"rendered":"https:\/\/www.vdsm.net\/wronline\/?p=8548"},"modified":"2018-01-31T10:10:40","modified_gmt":"2018-01-31T09:10:40","slug":"arbeitslosigkeit-im-januar-weiterhin-deutlich-unter-dem-vorjahr","status":"publish","type":"post","link":"https:\/\/www.vdsm.net\/wronline\/arbeitslosigkeit-im-januar-weiterhin-deutlich-unter-dem-vorjahr\/","title":{"rendered":"Arbeitslosigkeit im Januar weiterhin deutlich unter dem Vorjahr"},"content":{"rendered":"<p>Im Januar waren im Agenturbezirk der Agentur f\u00fcr Arbeit Siegen 10.689 M\u00e4nner und Frauen arbeitslos. Das sind 663 Personen mehr als im Vormonat, jedoch 1.370 weniger als im Januar 2017. \u201eDie Arbeitslosigkeit ist zu Jahresbeginn wie von uns erwartet gestiegen. Das ist saisontypisch. Dieser Anstieg ist auch auf das Auslaufen des Weihnachtsgesch\u00e4ftes im Einzelhandel und der Logistik, auf den K\u00fcndigungstermin zum Jahresende sowie auf das Ausbildungsende der zweieinhalb- und dreieinhalbj\u00e4hrigen Berufsausbildungen zur\u00fcckzuf\u00fchren\u201c, analysiert Frank Schmidt, Chef der Siegener Arbeitsagentur, die aktuellen Entwicklungen auf dem regionalen Arbeitsmarkt.<\/p>\n<p><strong>\u00a0<\/strong>\u201eDie wirtschaftliche Lage in der Region ist so gut wie noch nie. Das zeigt auch der Vergleich mit dem Vorjahr, als noch sp\u00fcrbar mehr Menschen arbeitslos waren\u201c, wei\u00df Schmidt.\u00a0 Gleichzeitig verzeichnen beide Kreise einen H\u00f6chststand an sozialversicherungspflichtigen Besch\u00e4ftigten. Zum Stichtag am 30. Juni 2017 waren es 171.545, ein Plus von 2,3 Prozent. Die Zahl der geringf\u00fcgig entlohnten Besch\u00e4ftigten bewegt sich ebenfalls weiterhin auf einem hohen Niveau. \u201eAlleine 31.960 Menschen sind in unserem Agenturbezirk ausschlie\u00dflich geringf\u00fcgig besch\u00e4ftigt, und das nicht nur auf Helferniveau. Hier sehe ich noch weiteres Potenzial f\u00fcr unsere Region\u201c, berichtet der Arbeitsmarktexperte.<\/p>\n<p>Im Rechtskreis der beiden Jobcenter (SGB II) sind im Januar 6.474 Menschen arbeitslos. Das sind 121 Personen mehr als im Dezember, jedoch 650 weniger als vor einem Jahr. \u201eDie Fachkr\u00e4fte-Nachfrage ist nach wie vor sehr hoch. Mit gezielten Qualifizierungen und F\u00f6rderungen k\u00f6nnen wir daher auch Arbeitslose, die schon l\u00e4nger eine Besch\u00e4ftigung suchen, erfolgreich in Arbeit vermitteln\u201c, erkl\u00e4rt der Agentur-Chef. Er ist \u00fcberzeugt, dass die Zahl der Langzeitarbeitslosen in den kommenden Monaten wieder sinken wird. Im Rechtskreis der Arbeitsagentur (SGB III) steigt die Zahl der Arbeitslosen verglichen mit Dezember um 542 Personen auf 4.215 M\u00e4nner und Frauen. Vor einem Jahr hingegen waren 667 Personen oder 13,7 Prozent mehr arbeitslos.<\/p>\n<p>Der Arbeitgeber-Service der Agentur hat im Januar 977 neue Stellen eingeworben. Das sind 8 neue Stellen mehr als im Vormonat. Der Bestand an gemeldeten Arbeitsstellen steigt im Jahresvergleich auf 3855. Schmidt rechnet damit, dass die Nachfrage nach Arbeitskr\u00e4ften weiterhin hoch bleibt: \u201eErfahrungsgem\u00e4\u00df stellen die Unternehmen in den Wintermonaten weniger neue Mitarbeiter ein. Wir nutzen die Zeit, um die arbeitslosen Frauen und M\u00e4nnern zu qualifizieren.\u201c<\/p>\n<p>Im Januar waren in Siegen-Wittgenstein 7.658 Menschen ohne Arbeit, 458 mehr als im Dezember. Die Arbeitslosenquote steigt um 0,3 Prozentpunkte auf 4,9 Prozent. Letztes Jahr waren 861 Personen mehr arbeitslos und die Quote betrug 5,5 Prozent. Von den Arbeitslosen sind im Januar 4.869 Personen Kunden des Jobcenters Kreis Siegen-Wittgenstein. Das sind 89 mehr als im Dezember, aber 482 Personen weniger als im Vorjahr. Die Zahl der Arbeitslosen steigt im Kreis Olpe im Januar um 205 Personen auf 3.031 Personen. Die Arbeitslosenquote erh\u00f6ht sich von 3,6 auf 3,8 Prozent, im Vorjahr lag sie bei 4,4 Prozent. Verglichen mit Januar 2017 sinkt die Zahl der Arbeitslosen um 456 Personen. Das Jobcenter Kreis Olpe betreute im Januar 1.605 Arbeitslose, 32 Personen mehr als im Dezember, jedoch 168 weniger als im letzten Jahr.<\/p>\n<p>\u201eDie wirtschaftliche Situation ist trotz des Winters sehr stabil, der Fachkr\u00e4ftebedarf ist da. Ich gehe davon aus, dass in den n\u00e4chsten Wochen wieder kr\u00e4ftig eingestellt wird\u201c, ist sich Frank Schmidt sicher. Die kommende Zeit werden Arbeitsagentur und Jobcenter daher weiterhin nutzen, um die Arbeitslosen durch Qualifizierungen und Fortbildungen auf T\u00e4tigkeiten als Fachkr\u00e4fte vorzubereiten. \u201eDie Themen Ausbildung und Qualifizierung sind sehr wichtige Bausteine in der langfristigen Fachkr\u00e4ftesicherung f\u00fcr die Region. Auch f\u00fcr Besch\u00e4ftigte, die auf Helferniveau arbeiten ist Weiterbildung unerl\u00e4sslich, denn so sichern sie ihren Job\u201c, wei\u00df Schmidt.<\/p>\n","protected":false},"excerpt":{"rendered":"<p>Im Januar waren im Agenturbezirk der Agentur f\u00fcr Arbeit Siegen 10.689 M\u00e4nner und Frauen arbeitslos. Das sind 663 Personen mehr als im Vormonat, jedoch 1.370&#8230;<\/p>\n","protected":false},"author":2,"featured_media":6280,"comment_status":"open","ping_status":"open","sticky":false,"template":"","format":"standard","meta":{"_jetpack_newsletter_access":"","_jetpack_dont_email_post_to_subs":false,"_jetpack_newsletter_tier_id":0,"_jetpack_memberships_contains_paywalled_content":false,"_jetpack_feature_clip_id":0,"_jetpack_memberships_contains_paid_content":false,"footnotes":"","jetpack_post_was_ever_published":false},"categories":[1,16],"tags":[],"class_list":["post-8548","post","type-post","status-publish","format-standard","has-post-thumbnail","hentry","category-aktuell","category-arbeitsmarkt"],"jetpack_sharing_enabled":true,"jetpack_featured_media_url":"https:\/\/www.vdsm.net\/wronline\/wp-content\/uploads\/2017\/04\/Schmidt_Frank_4.jpg","_links":{"self":[{"href":"https:\/\/www.vdsm.net\/wronline\/wp-json\/wp\/v2\/posts\/8548","targetHints":{"allow":["GET"]}}],"collection":[{"href":"https:\/\/www.vdsm.net\/wronline\/wp-json\/wp\/v2\/posts"}],"about":[{"href":"https:\/\/www.vdsm.net\/wronline\/wp-json\/wp\/v2\/types\/post"}],"author":[{"embeddable":true,"href":"https:\/\/www.vdsm.net\/wronline\/wp-json\/wp\/v2\/users\/2"}],"replies":[{"embeddable":true,"href":"https:\/\/www.vdsm.net\/wronline\/wp-json\/wp\/v2\/comments?post=8548"}],"version-history":[{"count":2,"href":"https:\/\/www.vdsm.net\/wronline\/wp-json\/wp\/v2\/posts\/8548\/revisions"}],"predecessor-version":[{"id":8550,"href":"https:\/\/www.vdsm.net\/wronline\/wp-json\/wp\/v2\/posts\/8548\/revisions\/8550"}],"wp:featuredmedia":[{"embeddable":true,"href":"https:\/\/www.vdsm.net\/wronline\/wp-json\/wp\/v2\/media\/6280"}],"wp:attachment":[{"href":"https:\/\/www.vdsm.net\/wronline\/wp-json\/wp\/v2\/media?parent=8548"}],"wp:term":[{"taxonomy":"category","embeddable":true,"href":"https:\/\/www.vdsm.net\/wronline\/wp-json\/wp\/v2\/categories?post=8548"},{"taxonomy":"post_tag","embeddable":true,"href":"https:\/\/www.vdsm.net\/wronline\/wp-json\/wp\/v2\/tags?post=8548"}],"curies":[{"name":"wp","href":"https:\/\/api.w.org\/{rel}","templated":true}]}}