{"id":8510,"date":"2018-01-26T11:04:38","date_gmt":"2018-01-26T10:04:38","guid":{"rendered":"https:\/\/www.vdsm.net\/wronline\/?p=8510"},"modified":"2018-01-26T11:04:38","modified_gmt":"2018-01-26T10:04:38","slug":"starker-wille-sich-gemeinsam-fuer-die-region-einzusetzen","status":"publish","type":"post","link":"https:\/\/www.vdsm.net\/wronline\/starker-wille-sich-gemeinsam-fuer-die-region-einzusetzen\/","title":{"rendered":"Starker Wille sich gemeinsam f\u00fcr die Region einzusetzen"},"content":{"rendered":"<p>P\u00fcnktlich zum Jahreswechsel kamen auf Einladung der S\u00fcdwestfalen Agentur alle s\u00fcdwestf\u00e4lischen Abgeordneten (der Fraktionen CDU, SPD, Gr\u00fcne und FDP) im Landtag Nordrhein-Westfalen zusammen, um sich \u00fcber die aktuellen Entwicklungen in der Region zu informieren. Gemeinsam wurde \u00fcber Zielsetzungen, den weiteren Weg und m\u00f6gliche gemeinsame Aktivit\u00e4ten f\u00fcr die Region S\u00fcdwestfalen diskutiert. Das Fazit: Der Wille, sich gemeinsam und partei\u00fcbergreifend f\u00fcr die Region einzusetzen, ist ungebrochen!<\/p>\n<p>Mit der Veranstaltung im Landtag setzt die S\u00fcdwestfalen Agentur ihre enge Zusammenarbeit mit den politischen Vertretern der Region im Landtag NRW fort. \u201eWir haben in den letzten Jahren regelm\u00e4\u00dfig den Dialog mit den Abgeordneten gesucht\u201c, erl\u00e4utert dazu der Landrat des Kreises Olpe Frank Beckehoff als Vertreter des Aufsichtsrats der S\u00fcdwestfalen Agentur. \u201eDenn unabh\u00e4ngig von der Parteizugeh\u00f6rigkeit eint die s\u00fcdwestf\u00e4lischen Abgeordneten nat\u00fcrlich das gemeinsame Interesse daran, die Wahrnehmung des Standorts S\u00fcdwestfalen als l\u00e4ndliche, starke und attraktive Wirtschaftsregion weiter zu st\u00e4rken und sich zum Wohle der B\u00fcrger f\u00fcr gezielt eingesetzte F\u00f6rdermittel und wichtige Projekte in der Region einzusetzen.\u201c<\/p>\n<p>\u201eDeswegen haben wir uns dar\u00fcber gefreut, uns nun auch mit den derzeit amtierenden Landtagsabgeordneten in dieser konstruktiven Form austauschen zu k\u00f6nnen\u201c, so Hubertus Winterberg, Gesch\u00e4ftsf\u00fchrer der S\u00fcdwestfalen Agentur GmbH. Aktuelle und spannende Gespr\u00e4chsthemen gab es dazu genug: \u201eWir haben die Chance gerne genutzt, \u00fcber die aktuellen Entwicklungen in S\u00fcdwestfalen zu diskutieren \u2013 gerade auch mit Blick auf die neue Phase der REGIONALE 2025.\u201c Denn nachdem Ende des letzten Jahres die Weichen f\u00fcr die Umsetzung der REGIONALE 2025 sowie die Fortsetzung des Regionalmarketings gestellt wurden, beginnt nun die spannende Aufbauphase der REGIONALE 2025. Hubertus Winterberg und Dr. Stephanie Arens von der S\u00fcdwestfalen Agentur, die den Prozess der REGIONALE moderiert und steuert, gaben den heimischen Landtagsabgeordneten in D\u00fcsseldorf entsprechend einen \u00dcberblick \u00fcber das Umsetzungskonzept und die Ziele der bevorstehenden REGIONALE. \u201eWir k\u00f6nnen die Digitalisierung dazu nutzen, neue Wege einzuschlagen. Ob beispielsweise in puncto medizinischer Versorgung oder Mobilit\u00e4t: S\u00fcdwestfalen hat das Ziel Modellregion der digitalen Transformation zu sein. Der Mensch steht dabei immer im Mittelunkt\u201c, so Hubertus Winterberg. Auch Marie Ting, Leiterin des Bereichs Regionalmarketing und Kommunikation, blickte zuversichtlich nach vorne und stellte die aktuellen Themenschwerpunkte und vielf\u00e4ltigen Handlungsfelder des Regionalmarketings mit dem Ziel der Fachkr\u00e4fte-Sicherung vor. Sie unterstrich die hohe Akzeptanz der gemeinsamen Standort-Werbung f\u00fcr S\u00fcdwestfalen: Knapp 290 Unternehmen der Region st\u00fctzen den Regionalmarketing-Prozess derzeit aktiv durch eine Mitgliedschaft im Verein \u201eWirtschaft f\u00fcr S\u00fcdwestfalen\u201c.<\/p>\n<p>Abschlie\u00dfend waren sich die Abgeordneten aus S\u00fcdwestfalen einig: S\u00fcdwestfalen ist auf einem guten Weg. Das Treffen zum Jahreswechsel sei optimal gewesen, um sich \u00fcber das wichtige Jahr 2018 auszutauschen. Zuk\u00fcnftig sind halbj\u00e4hrliche Treffen mit den s\u00fcdwestf\u00e4lischen Landtagsabgeordneten geplant, um sich \u00fcber die aktuellen Entwicklungen in der Region auszutauschen und weiterhin in einer starken und abgestimmten Allianz f\u00fcr S\u00fcdwestfalen einzutreten.<\/p>\n","protected":false},"excerpt":{"rendered":"<p>P\u00fcnktlich zum Jahreswechsel kamen auf Einladung der S\u00fcdwestfalen Agentur alle s\u00fcdwestf\u00e4lischen Abgeordneten (der Fraktionen CDU, SPD, Gr\u00fcne und FDP) im Landtag Nordrhein-Westfalen zusammen, um sich&#8230;<\/p>\n","protected":false},"author":2,"featured_media":8511,"comment_status":"open","ping_status":"open","sticky":false,"template":"","format":"standard","meta":{"_jetpack_newsletter_access":"","_jetpack_dont_email_post_to_subs":false,"_jetpack_newsletter_tier_id":0,"_jetpack_memberships_contains_paywalled_content":false,"_jetpack_feature_clip_id":0,"_jetpack_memberships_contains_paid_content":false,"footnotes":"","jetpack_post_was_ever_published":false},"categories":[32,30],"tags":[],"class_list":["post-8510","post","type-post","status-publish","format-standard","has-post-thumbnail","hentry","category-infos","category-vermischtes"],"jetpack_sharing_enabled":true,"jetpack_featured_media_url":"https:\/\/www.vdsm.net\/wronline\/wp-content\/uploads\/2018\/01\/PM_Informationsaustausch.jpg","_links":{"self":[{"href":"https:\/\/www.vdsm.net\/wronline\/wp-json\/wp\/v2\/posts\/8510","targetHints":{"allow":["GET"]}}],"collection":[{"href":"https:\/\/www.vdsm.net\/wronline\/wp-json\/wp\/v2\/posts"}],"about":[{"href":"https:\/\/www.vdsm.net\/wronline\/wp-json\/wp\/v2\/types\/post"}],"author":[{"embeddable":true,"href":"https:\/\/www.vdsm.net\/wronline\/wp-json\/wp\/v2\/users\/2"}],"replies":[{"embeddable":true,"href":"https:\/\/www.vdsm.net\/wronline\/wp-json\/wp\/v2\/comments?post=8510"}],"version-history":[{"count":2,"href":"https:\/\/www.vdsm.net\/wronline\/wp-json\/wp\/v2\/posts\/8510\/revisions"}],"predecessor-version":[{"id":8513,"href":"https:\/\/www.vdsm.net\/wronline\/wp-json\/wp\/v2\/posts\/8510\/revisions\/8513"}],"wp:featuredmedia":[{"embeddable":true,"href":"https:\/\/www.vdsm.net\/wronline\/wp-json\/wp\/v2\/media\/8511"}],"wp:attachment":[{"href":"https:\/\/www.vdsm.net\/wronline\/wp-json\/wp\/v2\/media?parent=8510"}],"wp:term":[{"taxonomy":"category","embeddable":true,"href":"https:\/\/www.vdsm.net\/wronline\/wp-json\/wp\/v2\/categories?post=8510"},{"taxonomy":"post_tag","embeddable":true,"href":"https:\/\/www.vdsm.net\/wronline\/wp-json\/wp\/v2\/tags?post=8510"}],"curies":[{"name":"wp","href":"https:\/\/api.w.org\/{rel}","templated":true}]}}