{"id":8453,"date":"2018-01-23T14:09:54","date_gmt":"2018-01-23T13:09:54","guid":{"rendered":"https:\/\/www.vdsm.net\/wronline\/?p=8453"},"modified":"2018-01-23T14:09:54","modified_gmt":"2018-01-23T13:09:54","slug":"vermoegensungleichheit-einseitig-betrachtet","status":"publish","type":"post","link":"https:\/\/www.vdsm.net\/wronline\/vermoegensungleichheit-einseitig-betrachtet\/","title":{"rendered":"Verm\u00f6gensungleichheit einseitig betrachtet"},"content":{"rendered":"<p>Gestern Oxfam, heute das Deutsche Institut f\u00fcr Wirtschaftsforschung (DIW) in Berlin \u2013 Studien \u00fcbertreffen sich in alarmierenden Botschaften zur ungleichen Verm\u00f6gensverteilung. Dabei befindet sich Deutschland mit seiner hohen Verm\u00f6gensungleichheit in der guten Gesellschaft der skandinavischen L\u00e4nder.<\/p>\n<p>P\u00fcnktlich zum Weltwirtschaftsforum in Davos verwies zun\u00e4chst die Hilfsorganisation Oxfam auf die ungleiche Verm\u00f6gensverteilung Deutschlands, heute legt das DIW nach: Wenn man die Verm\u00f6gen der Superreichen \u2013 die in der Regel nicht Teil der offiziellen Daten sind \u2013 mittels Reichenlisten sch\u00e4tzt und hinzurechnet steigt die Verm\u00f6gensungleichheit. Anstatt 31,5 Prozent verf\u00fcgen die reichsten f\u00fcnf Prozent demnach \u00fcber 51,5 Prozent des gesamten Verm\u00f6gens. Dieser Befund ist keineswegs neu. Die Daten der Credit Suisse, die der Oxfam-Studie zugrunde liegen, sch\u00e4tzen ebenfalls Verm\u00f6gen der Reichen hinzu \u2013 der Anteil der verm\u00f6gensreichsten 5 Prozent liegt demnach im Jahr 2017 bei 53,6 Prozent.<\/p>\n<p>Es ist unbestritten, dass die Reichen in Befragungsdaten nur unzureichend erfasst werden, da sie nur selten Teil der Stichproben sind. Allerdings wird dabei h\u00e4ufig \u00fcbersehen, dass auch die Verm\u00f6gen im \u00fcbrigen Teil der Bev\u00f6lkerung nicht immer korrekt erfasst werden: In den Verm\u00f6gensbefragungen gibt beispielsweise weniger als die H\u00e4lfte der deutschen Haushalte an, Versicherungen zu besitzen. Rechnet man die Angaben zusammen, kommt man jedoch gerade einmal auf rund 40 Prozent der\u00a0Versicherungssumme, die bei der Deutschen Bundesbank erfasst ist.\u00a0 Es w\u00e4re \u00fcberraschend, wenn sich das restliche Verm\u00f6gen ausschlie\u00dflich im Besitz der oberen zehn Prozent bef\u00e4nde, denn private Renten- und Lebensversicherungen sind \u00fcber die gesamte Bev\u00f6lkerung breit verteilt.<\/p>\n<p>Zudem werden die gesetzlichen Rentenanspr\u00fcche der Arbeitnehmer in den Verm\u00f6gensbefragungen nicht erfasst. Laut Berechnungen der DIW-Forscher w\u00fcrde sich bei Ber\u00fccksichtigung der Rentenanspr\u00fcche die Verm\u00f6gensungleichheit \u2013 gemessen am Gini-Koeffizient \u2013 um fast 25 Prozent reduzieren. Der Verm\u00f6gensanteil der \u00e4rmeren H\u00e4lfte der Bev\u00f6lkerung w\u00fcrde sich nach Befragungsdaten des Sozio-oekonomischen Panels von 0,2 Prozent auf 16,6 Prozent erh\u00f6hen.<\/p>\n<p>Dar\u00fcber hinaus zeigt sich im europ\u00e4ischen Vergleich, dass Verm\u00f6gen tendenziell in jenen L\u00e4ndern ungleicher verteilt sind, in denen es gro\u00dfen Wohlstand und eine starke staatliche Absicherung gibt. Dadurch sind die Anreize im unteren Einkommensbereich geringer, privates Verm\u00f6gen aufzubauen \u2013 entsprechend niedrig ist dort der Verm\u00f6gensanteil. Gleichzeitig fallen zur Finanzierung hohe Steuern und Abgaben an, das erschwert den Verm\u00f6gensaufbau in der Mittelschicht. Dazu passt, dass nach den Verm\u00f6gensdaten der Credit Suisse die Verm\u00f6gensungleichheit in Norwegen, Schweden und D\u00e4nemark noch h\u00f6her ausf\u00e4llt als in Deutschland \u2013 obwohl diese L\u00e4nder gerade in sozialer Hinsicht h\u00e4ufig als Vorbild gelten.<\/p>\n<p><a href=\"https:\/\/www.iwkoeln.de\/presse\/iw-nachrichten\/beitrag\/judith-niehues-maximilian-stockhausen-einseitige-betrachtung.html\" target=\"_blank\" rel=\"noopener\">IW, K\u00f6ln<\/a><\/p>\n","protected":false},"excerpt":{"rendered":"<p>Gestern Oxfam, heute das Deutsche Institut f\u00fcr Wirtschaftsforschung (DIW) in Berlin \u2013 Studien \u00fcbertreffen sich in alarmierenden Botschaften zur ungleichen Verm\u00f6gensverteilung. Dabei befindet sich Deutschland&#8230;<\/p>\n","protected":false},"author":2,"featured_media":8454,"comment_status":"open","ping_status":"open","sticky":false,"template":"","format":"standard","meta":{"_jetpack_newsletter_access":"","_jetpack_dont_email_post_to_subs":false,"_jetpack_newsletter_tier_id":0,"_jetpack_memberships_contains_paywalled_content":false,"_jetpack_feature_clip_id":0,"_jetpack_memberships_contains_paid_content":false,"footnotes":"","jetpack_post_was_ever_published":false},"categories":[32],"tags":[],"class_list":["post-8453","post","type-post","status-publish","format-standard","has-post-thumbnail","hentry","category-infos"],"jetpack_sharing_enabled":true,"jetpack_featured_media_url":"https:\/\/www.vdsm.net\/wronline\/wp-content\/uploads\/2018\/01\/coins-1726618_1920.jpg","_links":{"self":[{"href":"https:\/\/www.vdsm.net\/wronline\/wp-json\/wp\/v2\/posts\/8453","targetHints":{"allow":["GET"]}}],"collection":[{"href":"https:\/\/www.vdsm.net\/wronline\/wp-json\/wp\/v2\/posts"}],"about":[{"href":"https:\/\/www.vdsm.net\/wronline\/wp-json\/wp\/v2\/types\/post"}],"author":[{"embeddable":true,"href":"https:\/\/www.vdsm.net\/wronline\/wp-json\/wp\/v2\/users\/2"}],"replies":[{"embeddable":true,"href":"https:\/\/www.vdsm.net\/wronline\/wp-json\/wp\/v2\/comments?post=8453"}],"version-history":[{"count":1,"href":"https:\/\/www.vdsm.net\/wronline\/wp-json\/wp\/v2\/posts\/8453\/revisions"}],"predecessor-version":[{"id":8455,"href":"https:\/\/www.vdsm.net\/wronline\/wp-json\/wp\/v2\/posts\/8453\/revisions\/8455"}],"wp:featuredmedia":[{"embeddable":true,"href":"https:\/\/www.vdsm.net\/wronline\/wp-json\/wp\/v2\/media\/8454"}],"wp:attachment":[{"href":"https:\/\/www.vdsm.net\/wronline\/wp-json\/wp\/v2\/media?parent=8453"}],"wp:term":[{"taxonomy":"category","embeddable":true,"href":"https:\/\/www.vdsm.net\/wronline\/wp-json\/wp\/v2\/categories?post=8453"},{"taxonomy":"post_tag","embeddable":true,"href":"https:\/\/www.vdsm.net\/wronline\/wp-json\/wp\/v2\/tags?post=8453"}],"curies":[{"name":"wp","href":"https:\/\/api.w.org\/{rel}","templated":true}]}}