{"id":8450,"date":"2018-01-22T15:33:51","date_gmt":"2018-01-22T14:33:51","guid":{"rendered":"https:\/\/www.vdsm.net\/wronline\/?p=8450"},"modified":"2018-01-23T12:29:03","modified_gmt":"2018-01-23T11:29:03","slug":"mintoringsi-neuer-jahrgang-gestartet","status":"publish","type":"post","link":"https:\/\/www.vdsm.net\/wronline\/mintoringsi-neuer-jahrgang-gestartet\/","title":{"rendered":"MINToringSi \u2013 Neuer Jahrgang gestartet"},"content":{"rendered":"<p>26 Sch\u00fclerinnen und Sch\u00fcler erhielten in einer kleinen Feierstunde ihre offiziellen Aufnahmezertifikate f\u00fcr das Programm MINToringSi. \u00dcber drei Jahre hinweg werden die Teilnehmenden von f\u00fcnf so genannten MINToren auf ein Studium im MINT-Bereich vorbereitet. \u201eEs ist uns ein besonderes Anliegen, die jungen Menschen fr\u00fchzeitig an die Karriereperspektiven in unserer Region heranzuf\u00fchren\u201c, erl\u00e4uterte der Vorsitzende des Verbandes der Siegerl\u00e4nder Metallindustriellen, Dipl.-Ing. J\u00f6rg Dienenthal, eine der Zielsetzungen des Programms.<\/p>\n<p>F\u00fcr Prof. Holger Sch\u00f6nherr, Prodekan f\u00fcr strategische Entwicklung der Fakult\u00e4t, zeigen sich die positiven Effekte des Programms auch in den reduzierten Studienabbrecherquoten. \u201eNat\u00fcrlich bedeutet die Teilnahme am Programm zus\u00e4tzliche Arbeit. Aber die positiven Effekte zeigen sich in den zur\u00fcckliegenden Jahrg\u00e4ngen deutlich. Es spricht f\u00fcr sich, dass wir in diesem Jahr zwei ehemalige Teilnehmende des Programms als MINToren gewinnen konnten.\u201c<\/p>\n<p>\u201eDie MINT-F\u00e4cher sind in unserer technisierten Welt von entscheidender Bedeutung um den anstehenden Herausforderungen gerecht zu werden\u201c, erg\u00e4nzt Werner H\u00fccking von der Bezirksregierung Arnsberg. \u201eDas Programm zeigt, welche positiven Effekte es hat, wenn sich alle Akteure engagieren und gemeinsam auf ein Ziel hinarbeiten.\u201c<\/p>\n<p>Dass man die einzelnen Punkte in der pers\u00f6nlichen und unternehmerischen Entwicklung oft erst in der R\u00fcckschau verbinden kann zeigte sich im Gastvortrag von Dr. Alexander Hoffmann, Gesch\u00e4ftsf\u00fchrer der statmath GmbH aus Siegen.\u00a0 Der promovierte Mathematiker motivierte die am Beginn ihrer beruflichen Laufbahn stehenden Teilnehmerinnen und Teilnehmer des Programms, ihren Begabungen und Neigungen zu folgen: \u201eWenn man wei\u00df, dass man etwas richtig gut kann, dann sollte man dies auch verfolgen.\u201c Parallel dazu gab er den zuk\u00fcnftigen MINTees den Rat, ihre Herzensw\u00fcnsche nicht beiseite zu legen um einer beruflichen Laufbahn zu folgen.<\/p>\n<p>Das Programm <a href=\"http:\/\/mintoringsi.de\/\" target=\"_blank\" rel=\"noopener\">MINToringSi<\/a> f\u00f6rdert seit 2008 in jeweils drei Jahre dauernden Mentoren-Beziehungen den \u00dcbergang von der Schule an die Hochschule. Die gerade in den MINT-F\u00e4chern besonders hohen Studien-Abbrecherzahlen, konnten in den vergangenen Jahren durch das genau auf die Bedarfe abgestimmte Konzept bei den Teilnehmern nahezu auf null reduziert werden. Der Verband der Siegerl\u00e4nder Metallindustriellen tr\u00e4gt in der Kooperation mit der Universit\u00e4t Siegen mit dem Programm dazu bei, den dringend ben\u00f6tigten Fachkr\u00e4ftenachwuchs zu sichern. Unterst\u00fctzt wird MINToringSi zudem von der Bezirksregierung Arnsberg.<\/p>\n","protected":false},"excerpt":{"rendered":"<p>26 Sch\u00fclerinnen und Sch\u00fcler erhielten in einer kleinen Feierstunde ihre offiziellen Aufnahmezertifikate f\u00fcr das Programm MINToringSi. \u00dcber drei Jahre hinweg werden die Teilnehmenden von f\u00fcnf&#8230;<\/p>\n","protected":false},"author":2,"featured_media":8451,"comment_status":"open","ping_status":"open","sticky":false,"template":"","format":"standard","meta":{"_jetpack_newsletter_access":"","_jetpack_dont_email_post_to_subs":false,"_jetpack_newsletter_tier_id":0,"_jetpack_memberships_contains_paywalled_content":false,"_jetpack_feature_clip_id":0,"_jetpack_memberships_contains_paid_content":false,"footnotes":"","jetpack_post_was_ever_published":false},"categories":[1,8],"tags":[],"class_list":["post-8450","post","type-post","status-publish","format-standard","has-post-thumbnail","hentry","category-aktuell","category-ausbildung"],"jetpack_sharing_enabled":true,"jetpack_featured_media_url":"https:\/\/www.vdsm.net\/wronline\/wp-content\/uploads\/2018\/01\/P_Mintoring-Einf\u00fchrungsvera.jpg","_links":{"self":[{"href":"https:\/\/www.vdsm.net\/wronline\/wp-json\/wp\/v2\/posts\/8450","targetHints":{"allow":["GET"]}}],"collection":[{"href":"https:\/\/www.vdsm.net\/wronline\/wp-json\/wp\/v2\/posts"}],"about":[{"href":"https:\/\/www.vdsm.net\/wronline\/wp-json\/wp\/v2\/types\/post"}],"author":[{"embeddable":true,"href":"https:\/\/www.vdsm.net\/wronline\/wp-json\/wp\/v2\/users\/2"}],"replies":[{"embeddable":true,"href":"https:\/\/www.vdsm.net\/wronline\/wp-json\/wp\/v2\/comments?post=8450"}],"version-history":[{"count":1,"href":"https:\/\/www.vdsm.net\/wronline\/wp-json\/wp\/v2\/posts\/8450\/revisions"}],"predecessor-version":[{"id":8452,"href":"https:\/\/www.vdsm.net\/wronline\/wp-json\/wp\/v2\/posts\/8450\/revisions\/8452"}],"wp:featuredmedia":[{"embeddable":true,"href":"https:\/\/www.vdsm.net\/wronline\/wp-json\/wp\/v2\/media\/8451"}],"wp:attachment":[{"href":"https:\/\/www.vdsm.net\/wronline\/wp-json\/wp\/v2\/media?parent=8450"}],"wp:term":[{"taxonomy":"category","embeddable":true,"href":"https:\/\/www.vdsm.net\/wronline\/wp-json\/wp\/v2\/categories?post=8450"},{"taxonomy":"post_tag","embeddable":true,"href":"https:\/\/www.vdsm.net\/wronline\/wp-json\/wp\/v2\/tags?post=8450"}],"curies":[{"name":"wp","href":"https:\/\/api.w.org\/{rel}","templated":true}]}}