{"id":839,"date":"2012-08-30T10:28:37","date_gmt":"2012-08-30T08:28:37","guid":{"rendered":"http:\/\/www.vdsm.net\/wronline\/?p=839"},"modified":"2012-08-30T10:28:37","modified_gmt":"2012-08-30T08:28:37","slug":"robuster-arbeitsmarkt-im-august-startklar-in-die-ausbildung","status":"publish","type":"post","link":"https:\/\/www.vdsm.net\/wronline\/robuster-arbeitsmarkt-im-august-startklar-in-die-ausbildung\/","title":{"rendered":"Robuster Arbeitsmarkt im August &#8211; &#8222;Startklar&#8220; in die Ausbildung"},"content":{"rendered":"<div id=\"attachment_840\" style=\"width: 310px\" class=\"wp-caption alignleft\"><a href=\"http:\/\/www.vdsm.net\/wronline\/wp-content\/uploads\/2012\/08\/007_AA_Siegen_Dr.Bettina_Wolf_Metall.jpg\"><img loading=\"lazy\" decoding=\"async\" aria-describedby=\"caption-attachment-840\" class=\"size-medium wp-image-840\" title=\"Dr. Bettina Wolf, Vorsitzende der Gesch\u00e4ftsf\u00fchrung der Agentur f\u00fcr Arbeit Siegen.\" src=\"http:\/\/www.vdsm.net\/wronline\/wp-content\/uploads\/2012\/08\/007_AA_Siegen_Dr.Bettina_Wolf_Metall-300x207.jpg\" alt=\"\" width=\"300\" height=\"207\" srcset=\"https:\/\/www.vdsm.net\/wronline\/wp-content\/uploads\/2012\/08\/007_AA_Siegen_Dr.Bettina_Wolf_Metall-300x207.jpg 300w, https:\/\/www.vdsm.net\/wronline\/wp-content\/uploads\/2012\/08\/007_AA_Siegen_Dr.Bettina_Wolf_Metall.jpg 600w\" sizes=\"auto, (max-width: 300px) 100vw, 300px\" \/><\/a><p id=\"caption-attachment-840\" class=\"wp-caption-text\">Dr. Bettina Wolf, Vorsitzende der Gesch\u00e4ftsf\u00fchrung der Agentur f\u00fcr Arbeit Siegen.<\/p><\/div>\n<p>Siegen, 30. August 2012. \u201eDer regionale Arbeitsmarkt bleibt auch in diesem Monat robust. Saisontypisch steigt die Zahl der arbeitslos gemeldeten jungen Menschen unter 25 Jahre. Ich bin sehr zuversichtlich, dass der Fachkr\u00e4ftenachwuchs in den kommenden Monaten wieder vermehrt die Chancen des heimischen Arbeitsmarktes nutzen kann. Der zunehmende Bedarf an Fachkr\u00e4ften bietet den suchenden M\u00e4nnern und Frauen M\u00f6glichkeiten, sich erfolgreich den Unternehmen in unserer Region zu pr\u00e4sentieren und eine neue Herausforderung anzunehmen. Eine Grundlage f\u00fcr die eigene zukunftsf\u00e4hige Positionierung am Arbeitsmarkt ist eine gute Ausbildung. Mit unserem offenen Bewerbertag \u201eStartklar in Siegen!\u201c bieten wir den Jugendlichen eine Plattform f\u00fcr pers\u00f6nliche Berufsberatung und vertiefte Orientierung rund um das Thema Ausbildung 2013\u201c, l\u00e4dt Dr. Bettina Wolf, Vorsitzende der Gesch\u00e4ftsf\u00fchrung der Agentur f\u00fcr Arbeit Siegen ein.<\/p>\n<p>Die Arbeitslosenquote bleibt im August auf dem Niveau von 5,2 Prozent. In diesem Monat sind im Bezirk der Agentur f\u00fcr Arbeit Siegen 1,1 Prozent (125 Personen) mehr Menschen arbeitslos als im Juli. Insgesamt sind noch 11.834 Menschen ohne Besch\u00e4ftigung. Im Vorjahresvergleich erh\u00f6ht sich die Zahl der arbeitslos gemeldeten Personen im Monat August um 2,1 Prozent (240 Personen). Dieser leichte Anstieg ist typisch f\u00fcr die Entwicklung des Arbeitsmarktes in den Sommermonaten. Insgesamt konnten wir in diesem Monat 867 Menschen zur Aufnahme einer Erwerbst\u00e4tigkeit verhelfen. Im August 2012 haben sich 3,3 Prozent (93 Personen) weniger arbeitslos gemeldet, als im\u00a0 Vormonat Juli. Im Vorjahresvergleich ist das ein R\u00fcckgang von 8,6 Prozent (260 Personen). \u201eHinter dem moderaten Anstieg am Bestand der Arbeitslosenzahl steckt ein dynamischer Kreislauf an Menschen, die wieder in Arbeit vermittelt werden und Personen, die erneut von Arbeitslosigkeit betroffen sind\u201c, erl\u00e4utert Dr. Bettina Wolf.<\/p>\n<p>Die Arbeitslosenquote (AQ) betr\u00e4gt im Agenturbezirk Siegen aktuell 5,2 Prozent<strong> <\/strong>und bleibt somit weiterhin auf einem stabilen Niveau. Differenziert man den Agenturbezirk Siegen, stellt sich der Arbeitsmarkt im August recht unterschiedlich dar. Vergleichsweise g\u00fcnstig entwickelte sich die Arbeitslosigkeit in Burbach; dort sank der Bestand an Arbeitslosen gegen\u00fcber dem Vorjahresmonat um 1,1 Prozent (7 Personen). Dem gegen\u00fcber steht die Entwicklung in Olpe mit einer Zunahme von 4,3 Prozent (140 Personen). Dementsprechend \u00e4nderten sich auch die Arbeitslosenquoten in den Dienststellen des Agenturbezirks. Die Spanne reichte im August von 4,1% in Bad Berleburg bis 6,2% in Siegen.<\/p>\n<p>Im Kreis Siegen-Wittgenstein erh\u00f6hte sich die Arbeitslosenzahl im Jahresvergleich um 1,2 Prozent (100 Personen). Derzeit sind 8.470 Menschen ohne Besch\u00e4ftigung registriert. Die Arbeitslosenquote bleibt stabil und betr\u00e4gt wie im Juli 5,7 Prozent.\u00a0 Im Kreis Olpe sind derzeit 3.364 Menschen arbeitslos. Dies stellt einen Anstieg der Arbeitslosenzahl um 3,9 Prozent (127 Personen) dar. Die Arbeitslosenquote steigt von 4,3 im Juli auf 4,4 Prozent in diesem Monat. Im Vergleich zum August 2011 sind diesen Monat 4,3 Prozent (140 Personen) mehr arbeitslos gemeldet.<\/p>\n<p>\u201eIm August haben wir noch 2.578 freie Arbeitsstellen von ortsans\u00e4ssigen Unternehmen im Bestand. Im Vorjahresvergleich ist das ein erheblicher Anstieg um 20,1 Prozent. Besonders Bereiche wie das verarbeitende Gewerbe, der Handel, das Baugewerbe sowie der Bereich Verkehr und Logistik haben einen erh\u00f6hten Bedarf an Fachkr\u00e4ften. Vor dem Hintergrund dieser Entwicklung haben Bewerberinnen und Bewerber gute Chancen, um erfolgreich in der Arbeitswelt Fu\u00df zu fassen\u201c, so Dr. Bettina Wolf. Diesen Monat wurden zus\u00e4tzlich 895 neue Stellen gemeldet, 864 (96,5 Prozent) als sozialversicherungspflichtige Arbeitspl\u00e4tze. 736 der neuen Stellen (82,2 Prozent) sind als unbefristete Positionen ausgeschrieben.<\/p>\n<p>Die Zahl der Arbeitslosen summiert sich in Siegen aus Kunden der Arbeitslosenversicherung (Agentur f\u00fcr Arbeit Siegen) und aus den Kunden der Grundsicherung (Jobcenter Kreis Siegen-Wittgenstein und Jobcenter Kreis Olpe). Im Rechtskreis der Agentur f\u00fcr Arbeit Siegen ist die Zahl der arbeitslosen Menschen im Vergleich zum Vormonat um 0,3 Prozent (12 Personen) gesunken. Im Rechtskreis der Jobcenter ist ein Anstieg um 1,8 Prozent (137 Personen) im Vergleich zum Juli 2012 zu verzeichnen. Im Bereich der Arbeitslosenversicherung ergibt sich im Vorjahresvergleich eine Zunahme der Zahl der arbeitslos gemeldeten Menschen um 0,3 Prozent (12 Personen). Im Vergleich zum Vorjahr bedeutet das bei der Grundsicherung eine Zunahme um 3,1 Prozent (228 Personen).<\/p>\n<p>Bei den beiden Grundsicherungstr\u00e4gern der Region Siegen, Jobcenter Kreis Siegen-Wittgenstein und Jobcenter Kreis Olpe, sind aktuell 7.656 Menschen arbeitslos gemeldet. Vor einem Jahr waren es noch 7.428 Personen, 228 Personen weniger. Das Jobcenter Kreis Siegen-Wittgenstein ist aktuell f\u00fcr 5.597 Besch\u00e4ftigungssuchende zust\u00e4ndig. Im Vergleich zum Juli ergibt sich ein Anstieg der Arbeitslosigkeit um 0,8 Prozent (45 Personen). Beim Jobcenter Kreis Olpe wurde im Vormonatsvergleich ein Anstieg bei der Arbeitslosigkeit verzeichnet. Aktuell betr\u00e4gt die Zahl der gemeldeten Arbeitslosen 2.059 Personen. Der Vergleich zum Juli ergibt eine Zunahme um 4,7 Prozent (92 Personen).<strong><\/strong><\/p>\n<p>Ausbildungsstellenmarkt<\/p>\n<p>Von den seit Oktober 2011 gemeldeten 3.229 Berufsausbildungsstellen sind noch 330 freie Ausbildungsstellen zu besetzen. Im Vorjahresvergleich ist der Ausbildungsstellenmarkt durch einen deutlichen R\u00fcckgang von 4,8 Prozent (180 Personen) bei den gemeldeten Bewerberinnen und Bewerbern, jedoch durch einen erheblichen Anstieg um 8,9 Prozent (265 Stellen) bei den dazugeh\u00f6rigen Ausbildungsstellen gekennzeichnet.<\/p>\n<p>3.545 Ausbildungsbewerber und -bewerberinnen haben sich seit Oktober 2011 bei der Berufsberatung der Agentur f\u00fcr Arbeit Siegen gemeldet, um einen Ausbildungsplatz zu finden. Aktuell sind von den gemeldeten Ausbildungsplatzbewerberinnen und -bewerbern noch 432 unversorgt und auf der Suche nach einem Sprung in die Arbeitswelt. Im Vergleich zum Vorjahr ist das ein R\u00fcckgang um 29,4 Prozent (180 Personen). \u201eDie meisten jungen M\u00e4nner und Frauen konnten bereits erfolgreich ihre Ausbildung beginnen. Im Vergleich zum Vorjahr konnten wir die Anzahl der unversorgten Bewerberinnen und Bewerber und auch der unbesetzten Berufsausbildungsstellen deutlich reduzieren. Um jetzt den Jugendlichen schon konkrete Unterst\u00fctzung f\u00fcr das Ausbildungsjahr 2013 zu geben, laden wir am 4. September von 14.00 -18.00 Uhr alle Interessierten zu einem offenen Bewerbertag in unser Berufsinformationszentrum (BiZ) in Siegen ein. Der Aktionstag \u201eStartklar in Siegen! Dein Sprung in die Ausbildung\u201c bietet die M\u00f6glichkeit zu pers\u00f6nlichen Beratungsgespr\u00e4chen mit erfahrenden Berufsberatern und \u2013beraterinnen und im WDR Lehrstellenbus gibt es weitere Eindr\u00fccke zum Thema Ausbildung. Wer schon direkt durchstarten m\u00f6chte, kann sich vor Ort auch konkrete Unterlagen zu gemeldeten Ausbildungspl\u00e4tzen f\u00fcr 2013 mitnehmen und sich einen Ausbildungsplatz f\u00fcr das Jahr 2013 sichern\u201c, so Dr. Bettina Wolf, Vorsitzende der Gesch\u00e4ftsf\u00fchrung der Agentur f\u00fcr Arbeit Siegen.<\/p>\n","protected":false},"excerpt":{"rendered":"<p>Siegen, 30. August 2012. \u201eDer regionale Arbeitsmarkt bleibt auch in diesem Monat robust. Saisontypisch steigt die Zahl der arbeitslos gemeldeten jungen Menschen unter 25 Jahre&#8230;.<\/p>\n","protected":false},"author":2,"featured_media":840,"comment_status":"open","ping_status":"open","sticky":false,"template":"","format":"standard","meta":{"_jetpack_memberships_contains_paid_content":false,"footnotes":""},"categories":[16],"tags":[],"class_list":["post-839","post","type-post","status-publish","format-standard","has-post-thumbnail","hentry","category-arbeitsmarkt"],"jetpack_featured_media_url":"https:\/\/www.vdsm.net\/wronline\/wp-content\/uploads\/2012\/08\/007_AA_Siegen_Dr.Bettina_Wolf_Metall.jpg","jetpack_sharing_enabled":true,"_links":{"self":[{"href":"https:\/\/www.vdsm.net\/wronline\/wp-json\/wp\/v2\/posts\/839","targetHints":{"allow":["GET"]}}],"collection":[{"href":"https:\/\/www.vdsm.net\/wronline\/wp-json\/wp\/v2\/posts"}],"about":[{"href":"https:\/\/www.vdsm.net\/wronline\/wp-json\/wp\/v2\/types\/post"}],"author":[{"embeddable":true,"href":"https:\/\/www.vdsm.net\/wronline\/wp-json\/wp\/v2\/users\/2"}],"replies":[{"embeddable":true,"href":"https:\/\/www.vdsm.net\/wronline\/wp-json\/wp\/v2\/comments?post=839"}],"version-history":[{"count":2,"href":"https:\/\/www.vdsm.net\/wronline\/wp-json\/wp\/v2\/posts\/839\/revisions"}],"predecessor-version":[{"id":842,"href":"https:\/\/www.vdsm.net\/wronline\/wp-json\/wp\/v2\/posts\/839\/revisions\/842"}],"wp:featuredmedia":[{"embeddable":true,"href":"https:\/\/www.vdsm.net\/wronline\/wp-json\/wp\/v2\/media\/840"}],"wp:attachment":[{"href":"https:\/\/www.vdsm.net\/wronline\/wp-json\/wp\/v2\/media?parent=839"}],"wp:term":[{"taxonomy":"category","embeddable":true,"href":"https:\/\/www.vdsm.net\/wronline\/wp-json\/wp\/v2\/categories?post=839"},{"taxonomy":"post_tag","embeddable":true,"href":"https:\/\/www.vdsm.net\/wronline\/wp-json\/wp\/v2\/tags?post=839"}],"curies":[{"name":"wp","href":"https:\/\/api.w.org\/{rel}","templated":true}]}}