{"id":8073,"date":"2017-11-28T09:35:02","date_gmt":"2017-11-28T08:35:02","guid":{"rendered":"https:\/\/www.vdsm.net\/wronline\/?p=8073"},"modified":"2017-11-28T09:35:02","modified_gmt":"2017-11-28T08:35:02","slug":"hochschultage-berufliche-bildung-in-siegen","status":"publish","type":"post","link":"https:\/\/www.vdsm.net\/wronline\/hochschultage-berufliche-bildung-in-siegen\/","title":{"rendered":"Hochschultage Berufliche Bildung in Siegen"},"content":{"rendered":"<p>An der Universit\u00e4t Siegen finden im M\u00e4rz 2019 die \u201eHochschultage Berufliche Bildung\u201c statt. Dabei handelt es sich um eine sehr renommierte und etablierte Veranstaltung zur Berufsbildungsforschung, die Wissenschaft, Berufsbildungsinstitutionen und Unternehmen zusammenbringt, um aktuelle Fragen rund um die berufliche Bildung zu diskutieren. Die Kooperationsvereinbarung zwischen der Universit\u00e4t und dem Land Nordrhein-Westfalen, vertreten durch die Qualit\u00e4ts- und Unterst\u00fctzungsAgentur &#8211; Landesinstitut f\u00fcr Schule des Landes NRW (QUA-LiS NRW) ist unterzeichnet worden.<\/p>\n<p>Die \u201eHochschultage Berufliche Bildung\u201c finden alle zwei Jahre statt, im Jahr 2019 bereits zum 20. Mal. \u201eDie Hochschultage sind eine ausgezeichnete Gelegenheit, um Potenziale der Universit\u00e4t Siegen und der Region mit ihren unterschiedlichen Akteuren im Hinblick auf Berufsbildungsfragen nach au\u00dfen hin zu dokumentieren und aktuelle Forschungsergebnisse zu transferieren\u201c, sagte Prof. Dr. Ulrike Buchmann (Fakult\u00e4t II). Sie verantwortet inhaltlich Programm und Durchf\u00fchrung der Hochschultage.<\/p>\n<p>Gemeinsam mit Kanzler Ulf Richter unterzeichnete Prof. Buchmann den Kooperationsvertrag. Seitens des Landes NRW unterzeichneten Maria Cleef (Leitung Arbeitsbereich 6 Unterrichtsentwicklung der berufsbildenden Schulen \u2013 Standardentwicklung und -\u00fcberpr\u00fcfung, QUA-LiS) und Markus Tesche (Mitarbeiter Arbeitsbereich 6, Gesch\u00e4ftsf\u00fchrer Hochschultage Berufliche Bildung).<\/p>\n<p>Mit den Hochschultagen kommt 2019 eine logistische Herausforderung auf die Region Siegen zu. Schlie\u00dflich sind die Unterbringung und der Transport von rund 800 Teilnehmenden zu erwarten. Geplant ist der Zeitraum vom 11. bis zum 13. M\u00e4rz 2019, stattfinden sollen die Hochschultage auf dem Campus Unteres Schloss. Auch der Themenschwerpunkt ist schon gesetzt: \u201eDIGITALE WELT \u2013 Bildung und Arbeit in Transformationsgesellschaften\u201c. Dieser wird in Fachtagungen, experimentellen Werkst\u00e4tten und Workshops rund um das Thema Digitalisierung in der beruflichen Bildung umgesetzt. Angesichts der internationalen Relevanz der Thematik ist u.a. ein gemeinsamer Workshop mit Kooperationspartnern aus Brasilien in Planung.<\/p>\n","protected":false},"excerpt":{"rendered":"<p>An der Universit\u00e4t Siegen finden im M\u00e4rz 2019 die \u201eHochschultage Berufliche Bildung\u201c statt. Dabei handelt es sich um eine sehr renommierte und etablierte Veranstaltung zur&#8230;<\/p>\n","protected":false},"author":2,"featured_media":8074,"comment_status":"open","ping_status":"open","sticky":false,"template":"","format":"standard","meta":{"_jetpack_newsletter_access":"","_jetpack_dont_email_post_to_subs":false,"_jetpack_newsletter_tier_id":0,"_jetpack_memberships_contains_paywalled_content":false,"_jetpack_feature_clip_id":0,"_jetpack_memberships_contains_paid_content":false,"footnotes":"","jetpack_post_was_ever_published":false},"categories":[8,32,34],"tags":[],"class_list":["post-8073","post","type-post","status-publish","format-standard","has-post-thumbnail","hentry","category-ausbildung","category-infos","category-termine"],"jetpack_sharing_enabled":true,"jetpack_featured_media_url":"https:\/\/www.vdsm.net\/wronline\/wp-content\/uploads\/2017\/11\/hochschultage2019.jpg","_links":{"self":[{"href":"https:\/\/www.vdsm.net\/wronline\/wp-json\/wp\/v2\/posts\/8073","targetHints":{"allow":["GET"]}}],"collection":[{"href":"https:\/\/www.vdsm.net\/wronline\/wp-json\/wp\/v2\/posts"}],"about":[{"href":"https:\/\/www.vdsm.net\/wronline\/wp-json\/wp\/v2\/types\/post"}],"author":[{"embeddable":true,"href":"https:\/\/www.vdsm.net\/wronline\/wp-json\/wp\/v2\/users\/2"}],"replies":[{"embeddable":true,"href":"https:\/\/www.vdsm.net\/wronline\/wp-json\/wp\/v2\/comments?post=8073"}],"version-history":[{"count":1,"href":"https:\/\/www.vdsm.net\/wronline\/wp-json\/wp\/v2\/posts\/8073\/revisions"}],"predecessor-version":[{"id":8075,"href":"https:\/\/www.vdsm.net\/wronline\/wp-json\/wp\/v2\/posts\/8073\/revisions\/8075"}],"wp:featuredmedia":[{"embeddable":true,"href":"https:\/\/www.vdsm.net\/wronline\/wp-json\/wp\/v2\/media\/8074"}],"wp:attachment":[{"href":"https:\/\/www.vdsm.net\/wronline\/wp-json\/wp\/v2\/media?parent=8073"}],"wp:term":[{"taxonomy":"category","embeddable":true,"href":"https:\/\/www.vdsm.net\/wronline\/wp-json\/wp\/v2\/categories?post=8073"},{"taxonomy":"post_tag","embeddable":true,"href":"https:\/\/www.vdsm.net\/wronline\/wp-json\/wp\/v2\/tags?post=8073"}],"curies":[{"name":"wp","href":"https:\/\/api.w.org\/{rel}","templated":true}]}}