{"id":8048,"date":"2017-11-23T11:28:53","date_gmt":"2017-11-23T10:28:53","guid":{"rendered":"https:\/\/www.vdsm.net\/wronline\/?p=8048"},"modified":"2017-11-23T14:03:16","modified_gmt":"2017-11-23T13:03:16","slug":"erste-kontakte-zu-potentiellen-arbeitgebern-geknuepft","status":"publish","type":"post","link":"https:\/\/www.vdsm.net\/wronline\/erste-kontakte-zu-potentiellen-arbeitgebern-geknuepft\/","title":{"rendered":"Erste Kontakte zu potentiellen Arbeitgebern"},"content":{"rendered":"<p>Bereits zum 20. Mal stellten sich Unternehmen beim Wirtschafts- und Ingenieurtag (W+I) an der Universit\u00e4t Siegen vor. Studierende aller Fachrichtungen konnten dabei Kontakte zu Unternehmen kn\u00fcpfen, darunter etliche Weltmarktf\u00fchrer und multinationale Konzerne.<\/p>\n<p>Das Besondere der j\u00e4hrlichen Veranstaltung: Die Messezelte stehen direkt auf dem Campus Paul-Bonatz Stra\u00dfe. Organisiert wird das Event von Studierenden. Jedes Jahr bildet sich ein Team von Studierenden der Hochschulgruppe VWI ESTIEM Siegen und stemmt, von der ersten Kontaktaufnahme mit den Ausstellern \u00fcber die Finanzierung bis hin zur Betreuung am Messetag, die komplette Veranstaltung in Eigenregie. VWI ist der Verband Deutscher Wirtschaftsingenieure, ESTIEM steht f\u00fcr \u201eEuropean Students of Industrial Engineering and Management\u201c. Zweck der Non-Profit-Organisation ist der regionale, bundes- und europaweite Austausch von Studierenden untereinander sowie der fr\u00fche Kontakt von Studierenden mit der Unternehmenswelt.<\/p>\n<p>Die Aussteller \u2013 diesmal waren 60 Unternehmen mit einem Stand vor Ort \u2013 wissen dieses Engagement zu sch\u00e4tzen, bietet es ihnen doch die einmalige Gelegenheit, sich den Studierenden der Universit\u00e4t Siegen vor Ort als potentielle Arbeitgeber zu pr\u00e4sentieren. Der Wettbewerb um kluge K\u00f6pfe ist hart, und so boten die Firmen beim W+I Tag nicht nur viele Infos \u00fcber ihre Produkte, Dienstleistungen und m\u00f6gliche Karrierewege, sondern schickten oft auch MitarbeiterInnen ins Messe-Rennen, die selbst AbsolventInnen der Uni Siegen sind. So kam man schnell ins Gespr\u00e4ch. Die Studierenden nutzen die Gelegenheit, direkt von der Vorlesung aus ins Messezelt gehen zu k\u00f6nnen, um sich zu informieren. Zahlreiche Firmen pr\u00e4sentierten sich auch mit Fachvortr\u00e4gen. Die Schirmherrschaft des W+I Tages lag bei Felix G. Hensel, Pr\u00e4sident der Industrie- und Handelskammer Siegen.<\/p>\n","protected":false},"excerpt":{"rendered":"<p>Bereits zum 20. Mal stellten sich Unternehmen beim Wirtschafts- und Ingenieurtag (W+I) an der Universit\u00e4t Siegen vor. Studierende aller Fachrichtungen konnten dabei Kontakte zu Unternehmen&#8230;<\/p>\n","protected":false},"author":2,"featured_media":8049,"comment_status":"open","ping_status":"open","sticky":false,"template":"","format":"standard","meta":{"_jetpack_newsletter_access":"","_jetpack_dont_email_post_to_subs":false,"_jetpack_newsletter_tier_id":0,"_jetpack_memberships_contains_paywalled_content":false,"_jetpack_feature_clip_id":0,"_jetpack_memberships_contains_paid_content":false,"footnotes":"","jetpack_post_was_ever_published":false},"categories":[16,8,11],"tags":[],"class_list":["post-8048","post","type-post","status-publish","format-standard","has-post-thumbnail","hentry","category-arbeitsmarkt","category-ausbildung","category-regionale-wirtschaft"],"jetpack_sharing_enabled":true,"jetpack_featured_media_url":"https:\/\/www.vdsm.net\/wronline\/wp-content\/uploads\/2017\/11\/wundi2017_400x400_72.jpg","_links":{"self":[{"href":"https:\/\/www.vdsm.net\/wronline\/wp-json\/wp\/v2\/posts\/8048","targetHints":{"allow":["GET"]}}],"collection":[{"href":"https:\/\/www.vdsm.net\/wronline\/wp-json\/wp\/v2\/posts"}],"about":[{"href":"https:\/\/www.vdsm.net\/wronline\/wp-json\/wp\/v2\/types\/post"}],"author":[{"embeddable":true,"href":"https:\/\/www.vdsm.net\/wronline\/wp-json\/wp\/v2\/users\/2"}],"replies":[{"embeddable":true,"href":"https:\/\/www.vdsm.net\/wronline\/wp-json\/wp\/v2\/comments?post=8048"}],"version-history":[{"count":2,"href":"https:\/\/www.vdsm.net\/wronline\/wp-json\/wp\/v2\/posts\/8048\/revisions"}],"predecessor-version":[{"id":8055,"href":"https:\/\/www.vdsm.net\/wronline\/wp-json\/wp\/v2\/posts\/8048\/revisions\/8055"}],"wp:featuredmedia":[{"embeddable":true,"href":"https:\/\/www.vdsm.net\/wronline\/wp-json\/wp\/v2\/media\/8049"}],"wp:attachment":[{"href":"https:\/\/www.vdsm.net\/wronline\/wp-json\/wp\/v2\/media?parent=8048"}],"wp:term":[{"taxonomy":"category","embeddable":true,"href":"https:\/\/www.vdsm.net\/wronline\/wp-json\/wp\/v2\/categories?post=8048"},{"taxonomy":"post_tag","embeddable":true,"href":"https:\/\/www.vdsm.net\/wronline\/wp-json\/wp\/v2\/tags?post=8048"}],"curies":[{"name":"wp","href":"https:\/\/api.w.org\/{rel}","templated":true}]}}