{"id":8027,"date":"2017-11-21T16:19:30","date_gmt":"2017-11-21T15:19:30","guid":{"rendered":"https:\/\/www.vdsm.net\/wronline\/?p=8027"},"modified":"2017-11-21T16:19:30","modified_gmt":"2017-11-21T15:19:30","slug":"viele-gute-ideen-fuer-suedwestfalens-zukunft","status":"publish","type":"post","link":"https:\/\/www.vdsm.net\/wronline\/viele-gute-ideen-fuer-suedwestfalens-zukunft\/","title":{"rendered":"Viele gute Ideen f\u00fcr S\u00fcdwestfalens Zukunft"},"content":{"rendered":"<p>Die vorhandenen Kr\u00e4fte zu b\u00fcndeln und gemeinsam f\u00fcr S\u00fcdwestfalen an einem Strang zu ziehen, das steht f\u00fcr die Regionalmanagements der s\u00fcdwestf\u00e4lischen LEADER-Regionen, die Vertreter von Sauerland-Tourismus, Touristikverband Siegerland-Wittgenstein e.V., der Bezirksregierung Arnsberg, den s\u00fcdwestf\u00e4lischen Naturparks, der EnergieAgentur.NRW und der S\u00fcdwestfalen Agentur fest. Sie trafen sich auf gemeinsame Einladung der S\u00fcdwestfalen Agentur, der Touristiker und der Bezirksregierung jetzt zu ihrer dritten s\u00fcdwestf\u00e4lischen LEADER-Werkstatt im Haus Biele in Lippetal. Gastgeberin war dieses Mal die LEADER-Region Lippe-M\u00f6hnesee.<\/p>\n<p>Eine wesentliche Idee der regelm\u00e4\u00dfigen Netzwerk-Treffen: \u201eGemeinsam mit unseren jeweiligen M\u00f6glichkeiten viel mehr erreichen, um unsere l\u00e4ndlich gepr\u00e4gte Region zukunftsf\u00e4hig weiterzuentwickeln. Seit unserem ersten Werkstattgespr\u00e4ch steht f\u00fcr uns fest, dass wir unsere vorhandenen Ressourcen themenbezogen zu Synergien b\u00fcndeln und nutzen m\u00f6chten und m\u00fcssen. Daf\u00fcr wollen wir in Zukunft auch digitale Instrumente nutzen. Wichtig dabei ist aber, auf eine gemeinsame Datenbasis zur\u00fcck zugreifen\u201c, so Dr. Stephanie Arens, Leiterin des Arbeitsbereichs Regionale Entwicklung bei der S\u00fcdwestfalen Agentur und Moderatorin der Veranstaltung. Die Leader-Werkst\u00e4tten haben einen entscheidenden Mehrwert, den die Gastgeberinnen Dr. Christina Steinbicker und Nina Krah, Regionalmanagerinnen der LEADER-Region Lippe-M\u00f6hnesee, hervorhoben: \u201eDas Netzwerk-Treffen bietet uns einen wichtigen Austausch zwischen den verschiedensten Akteuren in S\u00fcdwestfalen. Wir k\u00f6nnen viel voneinander lernen, um das Rad nicht jedes Mal neu zu erfinden. Neu entstandene Kooperationen sch\u00e4tzen wir sehr.\u201c<\/p>\n<p>Getreu diesem Vorhaben ging es den Netzwerkern auch diesmal darum, thematische und inhaltliche Gemeinsamkeiten herauszuarbeiten, um zusammen gut durchdachte innovative Projektideen und Handlungsans\u00e4tze auf den Weg zu bringen. Die geplante Zusammenarbeit bei der Initiative \u201eVermarktung regionaler Produkte im Naturpark Sauerland Rothaargebirge\u201c ist daf\u00fcr nur ein Beispiel. Bis in den Nachmittag wurden weitere Impulse gegeben und frische Perspektiven aus den Projekten der LEADER-Regionen, der KlimaNetzwerker aus dem Regierungsbezirk Arnsberg, der Arbeit des Naturparks Sauerland-Rothaargebirge und des Regionalmarketings der S\u00fcdwestfalen Agentur vorgestellt und weitergedacht. Die Aufbruchsstimmung am Ende der Veranstaltung galt dann nicht nur den behandelten Themen, sondern auch dem bevorstehenden Startschuss der REGIONALE 2025 in S\u00fcdwestfalen, der im Januar 2018 fallen wird. Das Strukturf\u00f6rderprogramm REGIONALE des Landes Nordrhein-Westfalen bietet die M\u00f6glichkeit, sich gemeinsam mit den eigenen St\u00e4rken und Qualit\u00e4ten, insbesondere aber mit ihren Herausforderungen auseinander zu setzen. Dass bei den Planungen alle LEADER-Regionen zum strategischen Mit- und Weiterdenken eingeladen sind, versteht sich. Die Freude, auch dabei gemeinsam f\u00fcr S\u00fcdwestfalen an einem Strang zu ziehen, sicherlich ebenfalls.<\/p>\n","protected":false},"excerpt":{"rendered":"<p>Die vorhandenen Kr\u00e4fte zu b\u00fcndeln und gemeinsam f\u00fcr S\u00fcdwestfalen an einem Strang zu ziehen, das steht f\u00fcr die Regionalmanagements der s\u00fcdwestf\u00e4lischen LEADER-Regionen, die Vertreter von&#8230;<\/p>\n","protected":false},"author":2,"featured_media":8028,"comment_status":"open","ping_status":"open","sticky":false,"template":"","format":"standard","meta":{"_jetpack_newsletter_access":"","_jetpack_dont_email_post_to_subs":false,"_jetpack_newsletter_tier_id":0,"_jetpack_memberships_contains_paywalled_content":false,"_jetpack_feature_clip_id":0,"_jetpack_memberships_contains_paid_content":false,"footnotes":"","jetpack_post_was_ever_published":false},"categories":[32,30],"tags":[],"class_list":["post-8027","post","type-post","status-publish","format-standard","has-post-thumbnail","hentry","category-infos","category-vermischtes"],"jetpack_sharing_enabled":true,"jetpack_featured_media_url":"https:\/\/www.vdsm.net\/wronline\/wp-content\/uploads\/2017\/11\/Pressefoto_Leader-Werkstatt.jpg","_links":{"self":[{"href":"https:\/\/www.vdsm.net\/wronline\/wp-json\/wp\/v2\/posts\/8027","targetHints":{"allow":["GET"]}}],"collection":[{"href":"https:\/\/www.vdsm.net\/wronline\/wp-json\/wp\/v2\/posts"}],"about":[{"href":"https:\/\/www.vdsm.net\/wronline\/wp-json\/wp\/v2\/types\/post"}],"author":[{"embeddable":true,"href":"https:\/\/www.vdsm.net\/wronline\/wp-json\/wp\/v2\/users\/2"}],"replies":[{"embeddable":true,"href":"https:\/\/www.vdsm.net\/wronline\/wp-json\/wp\/v2\/comments?post=8027"}],"version-history":[{"count":1,"href":"https:\/\/www.vdsm.net\/wronline\/wp-json\/wp\/v2\/posts\/8027\/revisions"}],"predecessor-version":[{"id":8029,"href":"https:\/\/www.vdsm.net\/wronline\/wp-json\/wp\/v2\/posts\/8027\/revisions\/8029"}],"wp:featuredmedia":[{"embeddable":true,"href":"https:\/\/www.vdsm.net\/wronline\/wp-json\/wp\/v2\/media\/8028"}],"wp:attachment":[{"href":"https:\/\/www.vdsm.net\/wronline\/wp-json\/wp\/v2\/media?parent=8027"}],"wp:term":[{"taxonomy":"category","embeddable":true,"href":"https:\/\/www.vdsm.net\/wronline\/wp-json\/wp\/v2\/categories?post=8027"},{"taxonomy":"post_tag","embeddable":true,"href":"https:\/\/www.vdsm.net\/wronline\/wp-json\/wp\/v2\/tags?post=8027"}],"curies":[{"name":"wp","href":"https:\/\/api.w.org\/{rel}","templated":true}]}}