{"id":8016,"date":"2017-11-20T14:15:00","date_gmt":"2017-11-20T13:15:00","guid":{"rendered":"https:\/\/www.vdsm.net\/wronline\/?p=8016"},"modified":"2017-11-20T14:15:30","modified_gmt":"2017-11-20T13:15:30","slug":"grosse-jubilarfeier-bei-vetter","status":"publish","type":"post","link":"https:\/\/www.vdsm.net\/wronline\/grosse-jubilarfeier-bei-vetter\/","title":{"rendered":"Gro\u00dfe Jubilarfeier bei VETTER"},"content":{"rendered":"<p>Am 10. November 2017 fand bei VETTER, Haiger, die traditionell gro\u00dfe Jubilarfeier des Jahres 2017 f\u00fcr insgesamt 22 Jubilare statt. Die Besch\u00e4ftigtenzeit addierte sich auf circa 500 Dienstjahre. Eine stimmungsvolle Veranstaltung, die wie \u00fcblich im Beisein der Gesch\u00e4ftsleitungen und einem gro\u00dfen Kreis der Ehemaligen stattfand. Die Feier war verbunden mit einer Besichtigung des modernen Kranwerkes und des neuen Service- und Schulungszentrums Haiger, Kalteiche.<\/p>\n<div id=\"attachment_8018\" style=\"width: 310px\" class=\"wp-caption alignleft\"><a href=\"https:\/\/www.vdsm.net\/wronline\/wp-content\/uploads\/2017\/11\/H48_17_Bild1.jpg\"><img loading=\"lazy\" decoding=\"async\" aria-describedby=\"caption-attachment-8018\" class=\"size-medium wp-image-8018\" src=\"https:\/\/www.vdsm.net\/wronline\/wp-content\/uploads\/2017\/11\/H48_17_Bild1-300x200.jpg\" alt=\"\" width=\"300\" height=\"200\" srcset=\"https:\/\/www.vdsm.net\/wronline\/wp-content\/uploads\/2017\/11\/H48_17_Bild1-300x200.jpg 300w, https:\/\/www.vdsm.net\/wronline\/wp-content\/uploads\/2017\/11\/H48_17_Bild1-768x512.jpg 768w, https:\/\/www.vdsm.net\/wronline\/wp-content\/uploads\/2017\/11\/H48_17_Bild1.jpg 777w\" sizes=\"auto, (max-width: 300px) 100vw, 300px\" \/><\/a><p id=\"caption-attachment-8018\" class=\"wp-caption-text\">Die VETTER-Jubilare des Jahres 2017 zusammen mit Ehemaligen und Gesch\u00e4ftsleitungen der Unternehmensgruppe VETTER Holding GmbH.<\/p><\/div>\n<p>Oliver Weirich, Leiter Personal und Finanzen, wies in seiner Laudatio und bei der Ehrung der einzelnen Jubilare auf die Unternehmens-Entwicklung der letzten 50 Jahre und die immer schneller wachsenden Herausforderungen hin, denen sich Unternehmen und Mitarbeiter heute stellen m\u00fcssen. Von der zunehmenden betrieblichen Automatisierung und Digitalisierung konnten sich die G\u00e4ste bei der Betriebsf\u00fchrung \u00fcberzeugen und dabei Vergleiche zu fr\u00fcher anstellen. Ein beachtlicher Teil der 500 Jubil\u00e4umsjahre ging auf das Konto von Klaus Th. Vetter, Gesch\u00e4ftsf\u00fchrer der VETTER Holding GmbH, Kopf und Herz des Unternehmens seit nunmehr 55 Jahren, in denen er mit gro\u00dfer Weitsicht die Weichen f\u00fcr alle VETTER-Unternehmen stellte. Die Ehrung und die \u00dcberreichung der Urkunde nahmen Norbert Hammes, Vorsitzender des Beirats der VETTER Holding GmbH und Marc Rieser, Gesch\u00e4ftsf\u00fchrer der VETTER Krantechnik GmbH, vor. Sie dankten gleichzeitig, auch im Namen der Belegschaft, der Familie Vetter f\u00fcr die Sicherung der Arbeitspl\u00e4tze durch hohe Investitionsbereitschaft \u00fcber Jahrzehnte.<\/p>\n<p>Die Jubilarfeier war umrahmt von einer Sonderausstellung alter, manuell erstellter technischer Zeichnungen von F\u00f6rderwagen der Jahre 1900 &#8211; 1950, die einst ein Hauptprodukt der alten ARNOLD VETTER KG, Eiserfeld waren.<\/p>\n<p>Die Stimmung der Jubilare und Ehemaligen, die in Erinnerungen schwelgten, konnte bei gutem Essen, Kaffee und Kuchen und launigen Worten des Betriebsratsvorsitzenden, Jan Hoffmann, nicht besser sein. Klaus Vetter bedankte sich zum Schluss der Veranstaltung bei allen f\u00fcr den jahrzehntelangen Einsatz, der letztlich zum Erfolg der Unternehmensgruppe beigetragen habe. Die Jubilarveranstaltung war f\u00fcr alle Beteiligten wieder ein sch\u00f6nes Erlebnis.<\/p>\n","protected":false},"excerpt":{"rendered":"<p>Am 10. November 2017 fand bei VETTER, Haiger, die traditionell gro\u00dfe Jubilarfeier des Jahres 2017 f\u00fcr insgesamt 22 Jubilare statt. Die Besch\u00e4ftigtenzeit addierte sich auf&#8230;<\/p>\n","protected":false},"author":2,"featured_media":8017,"comment_status":"open","ping_status":"open","sticky":false,"template":"","format":"standard","meta":{"_jetpack_newsletter_access":"","_jetpack_dont_email_post_to_subs":false,"_jetpack_newsletter_tier_id":0,"_jetpack_memberships_contains_paywalled_content":false,"_jetpack_feature_clip_id":0,"_jetpack_memberships_contains_paid_content":false,"footnotes":"","jetpack_post_was_ever_published":false},"categories":[1],"tags":[],"class_list":["post-8016","post","type-post","status-publish","format-standard","has-post-thumbnail","hentry","category-aktuell"],"jetpack_sharing_enabled":true,"jetpack_featured_media_url":"https:\/\/www.vdsm.net\/wronline\/wp-content\/uploads\/2017\/11\/H48_17_Bild2.jpg","_links":{"self":[{"href":"https:\/\/www.vdsm.net\/wronline\/wp-json\/wp\/v2\/posts\/8016","targetHints":{"allow":["GET"]}}],"collection":[{"href":"https:\/\/www.vdsm.net\/wronline\/wp-json\/wp\/v2\/posts"}],"about":[{"href":"https:\/\/www.vdsm.net\/wronline\/wp-json\/wp\/v2\/types\/post"}],"author":[{"embeddable":true,"href":"https:\/\/www.vdsm.net\/wronline\/wp-json\/wp\/v2\/users\/2"}],"replies":[{"embeddable":true,"href":"https:\/\/www.vdsm.net\/wronline\/wp-json\/wp\/v2\/comments?post=8016"}],"version-history":[{"count":1,"href":"https:\/\/www.vdsm.net\/wronline\/wp-json\/wp\/v2\/posts\/8016\/revisions"}],"predecessor-version":[{"id":8019,"href":"https:\/\/www.vdsm.net\/wronline\/wp-json\/wp\/v2\/posts\/8016\/revisions\/8019"}],"wp:featuredmedia":[{"embeddable":true,"href":"https:\/\/www.vdsm.net\/wronline\/wp-json\/wp\/v2\/media\/8017"}],"wp:attachment":[{"href":"https:\/\/www.vdsm.net\/wronline\/wp-json\/wp\/v2\/media?parent=8016"}],"wp:term":[{"taxonomy":"category","embeddable":true,"href":"https:\/\/www.vdsm.net\/wronline\/wp-json\/wp\/v2\/categories?post=8016"},{"taxonomy":"post_tag","embeddable":true,"href":"https:\/\/www.vdsm.net\/wronline\/wp-json\/wp\/v2\/tags?post=8016"}],"curies":[{"name":"wp","href":"https:\/\/api.w.org\/{rel}","templated":true}]}}