{"id":800,"date":"2012-08-01T09:04:22","date_gmt":"2012-08-01T07:04:22","guid":{"rendered":"http:\/\/www.vdsm.net\/wronline\/?p=800"},"modified":"2012-08-01T09:05:35","modified_gmt":"2012-08-01T07:05:35","slug":"herausforderung-der-fachkraeftesicherung-steigt","status":"publish","type":"post","link":"https:\/\/www.vdsm.net\/wronline\/herausforderung-der-fachkraeftesicherung-steigt\/","title":{"rendered":"Herausforderung der Sicherung von Fachkr\u00e4ften steigt"},"content":{"rendered":"<p><a href=\"http:\/\/www.vdsm.net\/wronline\/wp-content\/uploads\/2011\/12\/AASiegen.jpg\"><img loading=\"lazy\" decoding=\"async\" class=\"alignleft size-full wp-image-104\" title=\"Arbeitsagentur Siegen\" src=\"http:\/\/www.vdsm.net\/wronline\/wp-content\/uploads\/2011\/12\/AASiegen.jpg\" alt=\"\" width=\"250\" height=\"188\" \/><\/a>Siegen, 1. August 2012. &#8222;Die Zahl der arbeitslos gemeldeten Personen nimmt in diesem Monat saisontypisch zu. Der regionale Arbeitsmarkt bleibt stabil mit einem hohen Bedarf an Fachkr\u00e4ften\u201c, so Dr. Bettina Wolf, Vorsitzende der Gesch\u00e4ftsf\u00fchrung der Agentur f\u00fcr Arbeit Siegen. Die Arbeitslosenquote steigt von 5,0 Prozent auf 5,2 Prozent im Juli. In diesem Monat sind im Bezirk der Agentur f\u00fcr Arbeit Siegen 4,1 Prozent mehr Personen arbeitslos als im Juni (460 Personen). Insgesamt sind noch 11.709 Menschen ohne Besch\u00e4ftigung. Mit dem Abschluss der Ausbildung in den vergangenen Wochen steigt &#8211; wie erwartet &#8211; die Zahl der arbeitslos gemeldeten jungen Menschen. Um 20,1 Prozent (254 Personen) erh\u00f6ht sich die Arbeitslosenzahl der\u00a0 Personen unter 25 Jahren. Dr. Bettina Wolf: \u201eWegen der enormen Fachkr\u00e4ftenachfrage und der hohen Zahl an offenen Stellen, bin ich sehr optimistisch, dass die jungen gut ausgebildeten Frauen und M\u00e4nner schnell eine Arbeitsstelle finden.\u201c\u00a0<strong> \u00a0<\/strong><\/p>\n<p>Im Vergleich zum Juli des konjunkturell sehr erfolgreichen Vorjahres erh\u00f6ht sich die Zahl der arbeitslos gemeldeten Personen um 5,1 Prozent (567 Personen). Vor dem Hintergrund der typischen Entwicklung in den Sommermonaten wird auch im August mit einem weiteren leichten Anstieg der Arbeitslosigkeit gerechnet. Dennoch konnten im letzten Monat 896 Menschen in Erwerbst\u00e4tigkeit einm\u00fcnden. Im Vergleich zum Vormonat ist die Zahl der Langzeitarbeitslosen um 0,6 Prozent (24 Personen) gesunken, was einen R\u00fcckgang von 4,1 Prozent (181 Personen) im Vorjahresvergleich bedeutet. Weiterhin sind 1,6 Prozent (15 Personen) weniger Menschen mit schwerem Handicap arbeitslos gemeldet. \u201eDas Potenzial der Menschen, die sich schon l\u00e4nger um Arbeit bem\u00fchen und auch von Menschen mit Handicap werden zunehmend von den heimischen Unternehmen entdeckt und gef\u00f6rdert. Meist sind die Motivation und das Engagement sehr hoch, wenn jemand nach langer Arbeitssuche endlich eine Zusage f\u00fcr eine neue Herausforderung erh\u00e4lt\u201c, f\u00fchrt Dr. Bettina Wolf aus.<\/p>\n<p>Die <strong>Arbeitslosenquote (AQ)<\/strong> betr\u00e4gt im Agenturbezirk Siegen aktuell 5,2 Prozent<strong>. <\/strong>Im Juli 2011 lag sie bei 5,0 Prozent. Betrachtet man die Gebiete der Gesch\u00e4ftsstellen, stellt man eine unterschiedliche Entwicklung fest: Im Vergleich zum Vorjahr ist die Arbeitslosenquote im Gebiet der Gesch\u00e4ftsstelle Bad Berleburg mit 4,1 Prozent auf dem gleichen Niveau. In der Gesch\u00e4ftsstelle Olpe und dem Bezirk der Hauptagentur Siegen ist jeweils ein Anstieg von 0,3 Prozentpunkten auf 4,3 (Olpe) bzw. 6,2 Prozent (Hauptagentur Siegen) zu erkennen.<\/p>\n<p><strong>Im Kreis Siegen-Wittgenstein<\/strong> erh\u00f6hte sich die Arbeitslosenzahl im Jahresvergleich um 4,5 Prozent (364 Personen). Derzeit sind 8.472 Menschen ohne Besch\u00e4ftigung registriert, das bedeutet einen Anstieg um 3,6 Prozent (304 Personen) zum Vormonat. Die Arbeitslosenquote steigt von 5,5 auf 5,7 Prozent im Juli.<\/p>\n<p><strong>Im Kreis Olpe<\/strong> sind derzeit 3.237 Menschen arbeitslos. Die Arbeitslosenquote steigt von 4,1 auf 4,3 Prozent in diesem Monat. Im Vergleich zum Juli 2011 sind diesen Monat 6,7 Prozent (203 Personen) mehr arbeitslos gemeldet.<\/p>\n<p>\u201eDie heimischen Betriebe haben dem Arbeitgeber-Service aktuell 2.632 Arbeitspl\u00e4tze gemeldet, damit unsere Vermittlungsfachkr\u00e4fte den geeigneten Kandidaten oder die geeignete Kandidatin finden. Besonders im verarbeitenden Gewerbe, dem Handel und im Gesundheits- und Sozialwesen ist der Bedarf sehr hoch\u201c, berichtet Dr. Bettina Wolf. Diesen Monat wurden zus\u00e4tzlich 1.200 neue Stellen gemeldet, 1.156 als sozialversicherungspflichtige Arbeitspl\u00e4tze. 1.020 der neuen Stellen (85 Prozent) sind als unbefristete Positionen ausgeschrieben. \u201eDie Herausforderung wird immer gr\u00f6\u00dfer, f\u00fcr diese Vielzahl an freien Stellen die geeigneten Bewerberinnen und Bewerber zu finden. Flexibilit\u00e4t und Mobilit\u00e4t sind auf beiden Seiten gefragt \u2013 bei der Suche nach einem Arbeitsplatz und bei der Suche nach Personal\u201c, erl\u00e4utert die Leiterin der Arbeitsagentur.<\/p>\n<p>Die Zahl der Arbeitslosen summiert sich in Siegen aus Kunden der Arbeitslosenversicherung (Agentur f\u00fcr Arbeit Siegen) und aus den Kunden der Grundsicherung (Jobcenter Kreis Siegen-Wittgenstein und Jobcenter Kreis Olpe). Im Rechtskreis der Agentur f\u00fcr Arbeit Siegen ist die Zahl der Besch\u00e4ftigungssuchenden im Vergleich zum Vormonat um 13,4 Prozent (494 Personen) gestiegen. Im Rechtskreis der Jobcenter ist ein R\u00fcckgang um 0,5 Prozent (34 Personen) im Vergleich zum Juni 2012 zu verzeichnen. Im Bereich der Arbeitslosenversicherung ergibt sich im Vorjahresvergleich eine Zunahme der Zahl der arbeitslos gemeldeten Menschen um 5,5 Prozent (218 Personen). Im Vergleich zum Vorjahr bedeutet das bei der Grundsicherung eine Zunahme um 4,9 Prozent (349 Personen).<\/p>\n<p>Bei den beiden Grundsicherungstr\u00e4gern der Region Siegen, Jobcenter Kreis Siegen-Wittgenstein und Jobcenter Kreis Olpe, sind aktuell 7.519 Menschen arbeitslos gemeldet. Vor einem Jahr waren es noch 7.170 Personen, 349 Personen weniger. Das Jobcenter Kreis Siegen-Wittgenstein ist aktuell f\u00fcr 5.552 Besch\u00e4ftigungssuchende zust\u00e4ndig. Im Vergleich zum Juni ergibt sich ein R\u00fcckgang der Arbeitslosigkeit um 0,7 Prozent (39 Personen). \u201eAuch die Menschen mit Ecken und Kanten werden langfristig dringend am regionalen Arbeitsmarkt ben\u00f6tigt. Ich freue mich, dass es immer besser gelingt, den Bewerberinnen und Bewerbern konkrete Chancen zu er\u00f6ffnen\u201c, so Dr. Bettina Wolf. Beim Jobcenter Kreis Olpe wurde im Vormonatsvergleich ein Anstieg bei der Arbeitslosigkeit verzeichnet. Aktuell betr\u00e4gt die Zahl der gemeldeten Arbeitslosen 1.967 Personen. Der Vergleich zum Juni ergibt eine Zunahme um 0,3 Prozent (5 Personen).<strong><\/strong><\/p>\n<p><strong>Ausbildungsstellenmarkt <\/strong><\/p>\n<p>&#8222;Von den seit Oktober 2011 gemeldeten 3.183 Berufsausbildungsstellen sind noch 589 freie Ausbildungsstellen zu besetzen. Es ist wichtig, dass die noch suchenden jungen Menschen jetzt nochmals engagierter ihre Bewerbung in die Hand nehmen. Weiterhin kann auch gemeinsam mit unserer Berufsberatung nach Alternativen gesucht werden. Manchmal bieten gerade Berufe besondere Karrierechancen, die eben nicht im allgemeinen Trend und Bewusstsein liegen\u201c, betont Dr. Bettina Wolf. Im Vorjahresvergleich ist der Ausbildungsstellenmarkt durch einen deutlichen R\u00fcckgang von 6,3 Prozent (226 Personen) bei den gemeldeten Bewerberinnen und Bewerbern, jedoch einen erheblichen Anstieg um 9,6 Prozent (279 Stellen) bei den dazugeh\u00f6rigen Ausbildungsstellen gekennzeichnet. \u201eDie Jugendlichen, die bereits eine Ausbildungsstelle gefunden haben, sollten auch daran denken, sich bei der Berufsberatung abzumelden. Dann kann sich das Team noch konzentrierter um die noch unversorgten Bewerberinnen und Bewerber k\u00fcmmern\u201c, so Dr. Bettina Wolf.<\/p>\n<p>3.383 Ausbildungsbewerber und -bewerberinnen haben sich seit Oktober 2011 bei der Berufsberatung der Agentur f\u00fcr Arbeit Siegen gemeldet, um einen Ausbildungsplatz zu finden. Aktuell sind von den gemeldeten Ausbildungsplatzbewerberinnen und -bewerbern noch 669 unversorgt und auf der Suche nach einem Sprung in die Arbeitswelt. Im Vergleich zum Vorjahr ist das ein R\u00fcckgang um 35,1 Prozent (362 Personen).<\/p>\n","protected":false},"excerpt":{"rendered":"<p>Siegen, 1. August 2012. &#8222;Die Zahl der arbeitslos gemeldeten Personen nimmt in diesem Monat saisontypisch zu. Der regionale Arbeitsmarkt bleibt stabil mit einem hohen Bedarf&#8230;<\/p>\n","protected":false},"author":2,"featured_media":0,"comment_status":"open","ping_status":"open","sticky":false,"template":"","format":"standard","meta":{"_jetpack_memberships_contains_paid_content":false,"footnotes":""},"categories":[16],"tags":[],"class_list":["post-800","post","type-post","status-publish","format-standard","hentry","category-arbeitsmarkt"],"jetpack_featured_media_url":"","jetpack_sharing_enabled":true,"_links":{"self":[{"href":"https:\/\/www.vdsm.net\/wronline\/wp-json\/wp\/v2\/posts\/800","targetHints":{"allow":["GET"]}}],"collection":[{"href":"https:\/\/www.vdsm.net\/wronline\/wp-json\/wp\/v2\/posts"}],"about":[{"href":"https:\/\/www.vdsm.net\/wronline\/wp-json\/wp\/v2\/types\/post"}],"author":[{"embeddable":true,"href":"https:\/\/www.vdsm.net\/wronline\/wp-json\/wp\/v2\/users\/2"}],"replies":[{"embeddable":true,"href":"https:\/\/www.vdsm.net\/wronline\/wp-json\/wp\/v2\/comments?post=800"}],"version-history":[{"count":3,"href":"https:\/\/www.vdsm.net\/wronline\/wp-json\/wp\/v2\/posts\/800\/revisions"}],"predecessor-version":[{"id":803,"href":"https:\/\/www.vdsm.net\/wronline\/wp-json\/wp\/v2\/posts\/800\/revisions\/803"}],"wp:attachment":[{"href":"https:\/\/www.vdsm.net\/wronline\/wp-json\/wp\/v2\/media?parent=800"}],"wp:term":[{"taxonomy":"category","embeddable":true,"href":"https:\/\/www.vdsm.net\/wronline\/wp-json\/wp\/v2\/categories?post=800"},{"taxonomy":"post_tag","embeddable":true,"href":"https:\/\/www.vdsm.net\/wronline\/wp-json\/wp\/v2\/tags?post=800"}],"curies":[{"name":"wp","href":"https:\/\/api.w.org\/{rel}","templated":true}]}}