{"id":7973,"date":"2017-11-16T08:40:38","date_gmt":"2017-11-16T07:40:38","guid":{"rendered":"https:\/\/www.vdsm.net\/wronline\/?p=7973"},"modified":"2017-11-16T20:33:22","modified_gmt":"2017-11-16T19:33:22","slug":"vdsm-lehnt-tarifforderung-der-ig-metall-ab","status":"publish","type":"post","link":"https:\/\/www.vdsm.net\/wronline\/vdsm-lehnt-tarifforderung-der-ig-metall-ab\/","title":{"rendered":"VdSM lehnt Tarifforderung der IG Metall ab"},"content":{"rendered":"<p>Wie schon in den vergangenen Jahren hat der VdSM Verband der Siegerl\u00e4nder Me\u00adtallindustriellen e.V. auch zum Auftakt der aktuellen Tarifrunde in der Metall- und Elek\u00adtroindustrie die heimische Presse \u00fcber die eigenen Positionen zur Forderung der IG\u2008Metall ausf\u00fchrlich in\u00adformiert. \u201eAus unserer Sicht ist das Forderungspaket mit einer Entgeltsteigerung von sechs Prozent und dem An\u00adspruch auf eine auf zwei Jahre befristete und mit einem Teilentgeltausgleich versehene Arbeitszeitverk\u00fcrzung v\u00f6llig \u00fcberzogen\u201c, so VdSM-Ge\u00adsch\u00e4ftsf\u00fchrer Dr. Thorsten Doublet. Der Wirtschaft gehe es zwar ins\u00adgesamt recht gut, aber gerade in der stahlnahen heimischen Maschinenbauindustrie, bei den Walzengie\u00dfern und den R\u00f6hrenherstellern ge\u00adbe es nach wie vor erhebliche Probleme. F\u00fcr diese Unterneh\u00admen sei eine Entgeltsteigerung in dieser Gr\u00f6\u00dfenordnung in keinem Fall darstellbar.<\/p>\n<p>Noch gr\u00f6\u00dfere Sorgen bereitet dem Verband und seinen Mitgliedsunternehmen die von der Gewerkschaft geforderte Arbeitszeitverk\u00fcrzung auf 28 Stunden, die zudem mit einem Teilentgeltausgleich f\u00fcr be\u00adstimmte Besch\u00e4ftigtengruppen verbunden ist. \u201eHier verl\u00e4sst die IG\u2008Metall nicht nur den bislang g\u00fcltigen Grundsatz \u2018gleiches Geld f\u00fcr gleiche Ar\u00adbeit\u2019, sie verlangt sogar von den Arbeitgebern f\u00fcr nicht er\u00adbrachte Leistungen zu zahlen. Gleichzeitig spaltet sie die Be\u00adlegschaften und gef\u00e4hrdet so den Betriebsfrieden.\u201c<\/p>\n<p>Flexibilisierung sei auch f\u00fcr die Unternehmen in Siegen-Wittgenstein ein wichtiges The\u00adma, dem sie sich nicht verschlie\u00dfen w\u00fcrden, aber sie d\u00fcrfe nicht nur einseitig erfolgen und die Belange der Un\u00adternehmen einfach au\u00dfen vor lassen, so Dr. Doublet weiter. \u201eMan stelle sich nur einmal vor, in einem unserer vorwiegend mittelst\u00e4ndisch strukturierten Unternehmen w\u00fcrden auf einmal zehn oder mehr Mit\u00adarbeiter verk\u00fcnden, dass sie zuk\u00fcnftig nur noch 28 Stunden oder vier Tage pro Woche arbeiten wollten. Das w\u00e4re nicht nur teuer, sondern ein Konjunkturprogramm f\u00fcr Zeitarbeit, Mehr\u00adarbeit und f\u00fcr die be\u00adfristete Besch\u00e4ftigung. Alles, was die IG\u2008Metall bislang verteufelt hat.\u201c Dar\u00fcber hinaus k\u00e4men auf die Unternehmen gewaltige organisatorische Probleme zu. Deshalb lehnt der Verband die Forderungen der IG\u2008Metall ab.<\/p>\n","protected":false},"excerpt":{"rendered":"<p>Wie schon in den vergangenen Jahren hat der VdSM Verband der Siegerl\u00e4nder Me\u00adtallindustriellen e.V. auch zum Auftakt der aktuellen Tarifrunde in der Metall- und Elek\u00adtroindustrie&#8230;<\/p>\n","protected":false},"author":2,"featured_media":7974,"comment_status":"open","ping_status":"open","sticky":false,"template":"","format":"standard","meta":{"_jetpack_newsletter_access":"","_jetpack_dont_email_post_to_subs":false,"_jetpack_newsletter_tier_id":0,"_jetpack_memberships_contains_paywalled_content":false,"_jetpack_feature_clip_id":0,"_jetpack_memberships_contains_paid_content":false,"footnotes":"","jetpack_post_was_ever_published":false},"categories":[11],"tags":[],"class_list":["post-7973","post","type-post","status-publish","format-standard","has-post-thumbnail","hentry","category-regionale-wirtschaft"],"jetpack_sharing_enabled":true,"jetpack_featured_media_url":"https:\/\/www.vdsm.net\/wronline\/wp-content\/uploads\/2017\/11\/pk-vdsm-151117.jpg","_links":{"self":[{"href":"https:\/\/www.vdsm.net\/wronline\/wp-json\/wp\/v2\/posts\/7973","targetHints":{"allow":["GET"]}}],"collection":[{"href":"https:\/\/www.vdsm.net\/wronline\/wp-json\/wp\/v2\/posts"}],"about":[{"href":"https:\/\/www.vdsm.net\/wronline\/wp-json\/wp\/v2\/types\/post"}],"author":[{"embeddable":true,"href":"https:\/\/www.vdsm.net\/wronline\/wp-json\/wp\/v2\/users\/2"}],"replies":[{"embeddable":true,"href":"https:\/\/www.vdsm.net\/wronline\/wp-json\/wp\/v2\/comments?post=7973"}],"version-history":[{"count":2,"href":"https:\/\/www.vdsm.net\/wronline\/wp-json\/wp\/v2\/posts\/7973\/revisions"}],"predecessor-version":[{"id":7976,"href":"https:\/\/www.vdsm.net\/wronline\/wp-json\/wp\/v2\/posts\/7973\/revisions\/7976"}],"wp:featuredmedia":[{"embeddable":true,"href":"https:\/\/www.vdsm.net\/wronline\/wp-json\/wp\/v2\/media\/7974"}],"wp:attachment":[{"href":"https:\/\/www.vdsm.net\/wronline\/wp-json\/wp\/v2\/media?parent=7973"}],"wp:term":[{"taxonomy":"category","embeddable":true,"href":"https:\/\/www.vdsm.net\/wronline\/wp-json\/wp\/v2\/categories?post=7973"},{"taxonomy":"post_tag","embeddable":true,"href":"https:\/\/www.vdsm.net\/wronline\/wp-json\/wp\/v2\/tags?post=7973"}],"curies":[{"name":"wp","href":"https:\/\/api.w.org\/{rel}","templated":true}]}}