{"id":7925,"date":"2017-11-10T13:51:26","date_gmt":"2017-11-10T12:51:26","guid":{"rendered":"https:\/\/www.vdsm.net\/wronline\/?p=7925"},"modified":"2017-11-10T13:51:26","modified_gmt":"2017-11-10T12:51:26","slug":"zehn-landesbeste-in-duisburg-geehrt","status":"publish","type":"post","link":"https:\/\/www.vdsm.net\/wronline\/zehn-landesbeste-in-duisburg-geehrt\/","title":{"rendered":"Zehn Landesbeste in Duisburg geehrt"},"content":{"rendered":"<p>Drei Damen und f\u00fcnf junge Herren aus Siegen-Wittgenstein und Olpe geh\u00f6ren zu den erfolgreichsten Teilnehmern des diesj\u00e4hrigen Landeswettbewerbs in der beruflichen Bildung. Die IHK Duisburg richtete die Festveranstaltung in der Mercatorhalle Duisburg aus. Zu den rund 1.000 G\u00e4sten geh\u00f6rten neben den Jugendlichen auch deren Familien sowie Vertreter aus den Berufskollegs und Ausbildungsbetrieben.<\/p>\n<p>Im Fokus standen dabei 240 Auszubildende der 16 IHKs in Nordrhein-Westfalen, die ihre Ausbildung im Pr\u00fcfungsjahr 2016\/2017 in rund 130 verschiedenen IHK-Berufen jeweils als Beste abgeschlossen hatten.<\/p>\n<p>Begr\u00fc\u00dft wurden die Anwesenden vom Pr\u00e4sidenten der Niederrheinischen IHK, Burkhard Landers. Er hob die gro\u00dfe Bedeutung der betrieblichen Berufsausbildung f\u00fcr die Sicherung des zuk\u00fcnftigen Fachkr\u00e4ftebedarfs hervor. Zugleich biete sie jungen Menschen attraktive Bildungs- und Besch\u00e4ftigungschancen und sei urs\u00e4chlich f\u00fcr ein beispiellos niedriges Niveau der Jugendarbeitslosigkeit. Seine Gl\u00fcckw\u00fcnsche verband der IHK-Pr\u00e4sident mit der Feststellung, dass die Pr\u00fcfungsbesten \u00fcberzeugende Botschafter der dualen Berufsbildung seien.<\/p>\n<p>Als Vertreter der Landesregierung gratulierte Staatssekret\u00e4r Dr. Edmund Heller den erfolgreichen Auszubildenden. Er rief Eltern und Sch\u00fcler auf, die duale Berufsausbildung als zukunftsf\u00e4hige Perspektive zu begreifen. Es sei weder im Interesse der jungen Menschen noch der Arbeitgeber, wenn der Irrglaube vorherrsche, dass man f\u00fcr einen erfolgreichen Start in das Berufsleben unbedingt studiert haben m\u00fcsse.<\/p>\n<p>IHK-Gesch\u00e4ftsf\u00fchrer Klaus Fenster, der die erfolgreichen Pr\u00fcflinge nach Duisburg begleitete, gratulierte den Landesbesten im Namen der Industrie- und Handelskammer Siegen (IHK) und hob ihren Vorbildcharakter heraus. Diese herausragenden Leistungen seien nur m\u00f6glich, wenn beide Partner im dualen Ausbildungssystem vertrauensvoll zusammenarbeiteten. Zugleich m\u00fcssten die jungen Menschen mit gro\u00dfem Engagement bei der Sache sein, und das \u00fcber die gesamte Lehrzeit hinweg. Fenster ermutigte die Preistr\u00e4ger, zuk\u00fcnftig die vor ihnen liegenden beruflichen Herausforderungen mit derselben Zielstrebigkeit anzugehen, mit der sie bereits ihre Lehre absolviert h\u00e4tten. Sie h\u00e4tten ihr Talent und ihre Motivation nachhaltig unter Beweis gestellt und damit die Weichen f\u00fcr ihre weitere berufliche Entwicklung gestellt.<\/p>\n<p>Aus der Region wurden folgende Nachwuchskr\u00e4fte ausgezeichnet:<\/p>\n<p>MAREI B\u00dcSING<\/p>\n<p>Mediengestalterin Digital und Print<\/p>\n<p>Fachrichtung: Gestaltung und Medien<\/p>\n<p>Hees B\u00fcrowelt GmbH, Siegen<\/p>\n<p>Berufskolleg Technik des Kreises Siegen-Wittgenstein, Siegen<\/p>\n<p>&nbsp;<\/p>\n<p>JAN PETER DOMMES<\/p>\n<p>Maurer<\/p>\n<p>Hubert Mees Bauunternehmung GmbH, Lennestadt<\/p>\n<p>Berufskolleg Technik des Kreises Siegen-Wittgenstein, Siegen<\/p>\n<p>&nbsp;<\/p>\n<p>KIM ANH FITZEK<\/p>\n<p>Fachkraft f\u00fcr Kurier-, Express- und Postdienstleistungen<\/p>\n<p>Deutsche Post AG, NL BRIEF Gie\u00dfen, Langg\u00f6ns<\/p>\n<p>Berufskolleg Wirtschaft und Verwaltung des Kreises Siegen-Wittgenstein, Siegen<\/p>\n<p>&nbsp;<\/p>\n<p>SIMEON H\u00c4BEL<\/p>\n<p>Bankkaufmann<\/p>\n<p>Sparkasse Burbach-Neunkirchen, Burbach<\/p>\n<p>Berufskolleg Wirtschaft und Verwaltung des Kreises Siegen-Wittgenstein, Siegen<\/p>\n<p>&nbsp;<\/p>\n<p>VANESSA HAMPE<\/p>\n<p>Kauffrau f\u00fcr Marketingkommunikation<\/p>\n<p>PSV Marketing GmbH, Siegen<\/p>\n<p>Joseph-DuMont-Berufskolleg, K\u00f6ln<\/p>\n<p>&nbsp;<\/p>\n<p>MORITZ PREU\u00df<\/p>\n<p>Mediengestalter Digital und Print<\/p>\n<p>Fachrichtung: Gestaltung und Technik<\/p>\n<p>PSV Marketing GmbH, Siegen<\/p>\n<p>Berufskolleg Technik des Kreises Siegen-Wittgenstein, Siegen<\/p>\n<p>&nbsp;<\/p>\n<p>CHRIS RICHARD<\/p>\n<p>Verk\u00e4ufer<\/p>\n<p>LIDL Vertriebs-GmbH &amp; Co. KG, Burbach<\/p>\n<p>Berufskolleg Wittgenstein des Kreises Siegen-Wittgenstein, Bad Berleburg<\/p>\n<p>&nbsp;<\/p>\n<p>ANDRE SCHOPPMEIER<\/p>\n<p>Brauer und M\u00e4lzer<\/p>\n<p>Krombacher Brauerei Bernhard Schadeberg GmbH &amp; Co. KG, Kreuztal<\/p>\n<p>Berufsschule f\u00fcr das Hotel-, Gastst\u00e4tten- und Baugewerbe, M\u00fcnchen<\/p>\n","protected":false},"excerpt":{"rendered":"<p>Drei Damen und f\u00fcnf junge Herren aus Siegen-Wittgenstein und Olpe geh\u00f6ren zu den erfolgreichsten Teilnehmern des diesj\u00e4hrigen Landeswettbewerbs in der beruflichen Bildung. Die IHK Duisburg&#8230;<\/p>\n","protected":false},"author":2,"featured_media":7926,"comment_status":"open","ping_status":"open","sticky":false,"template":"","format":"standard","meta":{"_jetpack_newsletter_access":"","_jetpack_dont_email_post_to_subs":false,"_jetpack_newsletter_tier_id":0,"_jetpack_memberships_contains_paywalled_content":false,"_jetpack_feature_clip_id":0,"_jetpack_memberships_contains_paid_content":false,"footnotes":"","jetpack_post_was_ever_published":false},"categories":[8],"tags":[],"class_list":["post-7925","post","type-post","status-publish","format-standard","has-post-thumbnail","hentry","category-ausbildung"],"jetpack_sharing_enabled":true,"jetpack_featured_media_url":"https:\/\/www.vdsm.net\/wronline\/wp-content\/uploads\/2017\/11\/103-17-Landesbeste.jpg","_links":{"self":[{"href":"https:\/\/www.vdsm.net\/wronline\/wp-json\/wp\/v2\/posts\/7925","targetHints":{"allow":["GET"]}}],"collection":[{"href":"https:\/\/www.vdsm.net\/wronline\/wp-json\/wp\/v2\/posts"}],"about":[{"href":"https:\/\/www.vdsm.net\/wronline\/wp-json\/wp\/v2\/types\/post"}],"author":[{"embeddable":true,"href":"https:\/\/www.vdsm.net\/wronline\/wp-json\/wp\/v2\/users\/2"}],"replies":[{"embeddable":true,"href":"https:\/\/www.vdsm.net\/wronline\/wp-json\/wp\/v2\/comments?post=7925"}],"version-history":[{"count":1,"href":"https:\/\/www.vdsm.net\/wronline\/wp-json\/wp\/v2\/posts\/7925\/revisions"}],"predecessor-version":[{"id":7927,"href":"https:\/\/www.vdsm.net\/wronline\/wp-json\/wp\/v2\/posts\/7925\/revisions\/7927"}],"wp:featuredmedia":[{"embeddable":true,"href":"https:\/\/www.vdsm.net\/wronline\/wp-json\/wp\/v2\/media\/7926"}],"wp:attachment":[{"href":"https:\/\/www.vdsm.net\/wronline\/wp-json\/wp\/v2\/media?parent=7925"}],"wp:term":[{"taxonomy":"category","embeddable":true,"href":"https:\/\/www.vdsm.net\/wronline\/wp-json\/wp\/v2\/categories?post=7925"},{"taxonomy":"post_tag","embeddable":true,"href":"https:\/\/www.vdsm.net\/wronline\/wp-json\/wp\/v2\/tags?post=7925"}],"curies":[{"name":"wp","href":"https:\/\/api.w.org\/{rel}","templated":true}]}}