{"id":772,"date":"2012-07-04T08:45:20","date_gmt":"2012-07-04T06:45:20","guid":{"rendered":"http:\/\/www.vdsm.net\/wronline\/?p=772"},"modified":"2012-07-04T08:45:53","modified_gmt":"2012-07-04T06:45:53","slug":"lastzug-wirbt-fuer-route-57","status":"publish","type":"post","link":"https:\/\/www.vdsm.net\/wronline\/lastzug-wirbt-fuer-route-57\/","title":{"rendered":"Lastzug wirbt f\u00fcr Route 57"},"content":{"rendered":"<div id=\"attachment_773\" style=\"width: 310px\" class=\"wp-caption alignleft\"><a href=\"http:\/\/www.vdsm.net\/wronline\/wp-content\/uploads\/2012\/07\/2012-06-29_57-Truck-03-c.jpg\"><img loading=\"lazy\" decoding=\"async\" aria-describedby=\"caption-attachment-773\" class=\"size-medium wp-image-773\" title=\"Auf dem Gel\u00e4nde des Erndtebr\u00fccker Logistikunternehmens Brinkmann stellte jetzt Klaus Brinkmann mit dem Verein Route 57 und weiteren Wittgensteiner Unternehmern seinen Route-57-Sattelzug in Dienst.\" src=\"http:\/\/www.vdsm.net\/wronline\/wp-content\/uploads\/2012\/07\/2012-06-29_57-Truck-03-c-300x221.jpg\" alt=\"\" width=\"300\" height=\"221\" srcset=\"https:\/\/www.vdsm.net\/wronline\/wp-content\/uploads\/2012\/07\/2012-06-29_57-Truck-03-c-300x221.jpg 300w, https:\/\/www.vdsm.net\/wronline\/wp-content\/uploads\/2012\/07\/2012-06-29_57-Truck-03-c.jpg 600w\" sizes=\"auto, (max-width: 300px) 100vw, 300px\" \/><\/a><p id=\"caption-attachment-773\" class=\"wp-caption-text\">Auf dem Gel\u00e4nde des Erndtebr\u00fccker Logistikunternehmens Brinkmann stellte jetzt Klaus Brinkmann mit dem Verein Route 57 und weiteren Wittgensteiner Unternehmern seinen Route-57-Sattelzug in Dienst.<\/p><\/div>\n<p>Siegen\/Erndtebr\u00fcck, 4 Juli 2012. Im \u201eIndustriepark Wittgenstein\u201c (Schameder) wurde der LKW jetzt vom Spediteur gemeinsam mit anderen Wittgensteiner Unternehmern, B\u00fcrgermeister Karl-Ludwig V\u00f6lkel\u00a0 und dem Verein Route 57 e. V. in Dienst gestellt. Er soll, so Firmenchef Klaus Brinkmann, vorwiegend im regionalen Verkehr eingesetzt werden. \u201eDieses Fahrzeug\u201c, so der Eigent\u00fcmer stolz, \u201eist \u00fcbrigens der erste Lkw in Wittgenstein, der in der besten Schadstoffklasse (E 6) f\u00e4hrt, die \u00fcberhaupt m\u00f6glich ist\u201c.<\/p>\n<p>Die 15 Sattelz\u00fcge des Logistikunternehmers aus dem J\u00e4gersgrund bewegen sich wie die Fahrzeuge anderer Unternehmen und vieler Mitarbeiter t\u00e4glich auf dem schlecht ausgebauten Verkehrsnetz. Deshalb kam Klaus Brinkmann auf die Idee, den neuen Lastwagen mit einem Pl\u00e4doyer f\u00fcr eine schnellere Verbindung Wittgensteins zum deutschen Fernstra\u00dfennetz zu versehen. Brinkmann gewann weitere 12 Wittgensteiner Firmen, die mit ihren Logos auf der LKW-Plane den Appell an die Politik unterstreichen, schnell etwas f\u00fcr die Verbesserung der Stra\u00dfen zu tun. B\u00fcrgermeister V\u00f6lkel verwies auf den seit Jahren g\u00fcltigen Bundesfernstra\u00dfenbedarfsplan und forderte eine z\u00fcgige Umsetzung ein. Die anwesenden Unternehmer \u00e4u\u00dferten sich \u00fcberzeugt, dass die regionale Wirtschaft, die Gewerkschaften sowie der allergr\u00f6\u00dfte Teil der Bev\u00f6lkerung von der Notwendigkeit der Route 57 \u00fcberzeugt seien. Hier k\u00f6nne man mit Fug und Recht von dem so oft geforderten \u201eregionalen Konsens\u201c sprechen. Jetzt seien die Stra\u00dfenplaner am Zuge.<\/p>\n<p>Hermann-Josef Droege, Stellv. Hauptgesch\u00e4ftsf\u00fchrer der Industrie- und Handelskammer Siegen (IHK) und Vorstandmitglied bei Route 57 e. V., unterstrich die Bedeutung der neuen Werbema\u00dfnahmen. Die Einschr\u00e4nkung der finanziellen und personellen Mittel f\u00fcr den Landesbetrieb Stra\u00dfe sowie immer neue Festlegungen f\u00fcr Umweltvertr\u00e4glichkeitspr\u00fcfungen verz\u00f6gerten weiter die Stra\u00dfenplanung. Dagegen helfe nur erh\u00f6hter Druck auf \u201edie gro\u00dfe Politik in D\u00fcsseldorf und Berlin\u201c. Auf einhellige Zustimmung traf die spontane Anregung von B\u00fcrgermeister V\u00f6lkel, den neuen nordrhein-westf\u00e4lischen Verkehrsminister demn\u00e4chst mit dem Route-57-Truck in D\u00fcsseldorf zu besuchen, um die mehr als 14.500 Unterschriften pro Route 57 zu \u00fcberbringen.<\/p>\n","protected":false},"excerpt":{"rendered":"<p>Siegen\/Erndtebr\u00fcck, 4 Juli 2012. Im \u201eIndustriepark Wittgenstein\u201c (Schameder) wurde der LKW jetzt vom Spediteur gemeinsam mit anderen Wittgensteiner Unternehmern, B\u00fcrgermeister Karl-Ludwig V\u00f6lkel\u00a0 und dem Verein&#8230;<\/p>\n","protected":false},"author":2,"featured_media":773,"comment_status":"open","ping_status":"open","sticky":false,"template":"","format":"standard","meta":{"_jetpack_memberships_contains_paid_content":false,"footnotes":""},"categories":[11],"tags":[],"class_list":["post-772","post","type-post","status-publish","format-standard","has-post-thumbnail","hentry","category-regionale-wirtschaft"],"jetpack_featured_media_url":"https:\/\/www.vdsm.net\/wronline\/wp-content\/uploads\/2012\/07\/2012-06-29_57-Truck-03-c.jpg","jetpack_sharing_enabled":true,"_links":{"self":[{"href":"https:\/\/www.vdsm.net\/wronline\/wp-json\/wp\/v2\/posts\/772","targetHints":{"allow":["GET"]}}],"collection":[{"href":"https:\/\/www.vdsm.net\/wronline\/wp-json\/wp\/v2\/posts"}],"about":[{"href":"https:\/\/www.vdsm.net\/wronline\/wp-json\/wp\/v2\/types\/post"}],"author":[{"embeddable":true,"href":"https:\/\/www.vdsm.net\/wronline\/wp-json\/wp\/v2\/users\/2"}],"replies":[{"embeddable":true,"href":"https:\/\/www.vdsm.net\/wronline\/wp-json\/wp\/v2\/comments?post=772"}],"version-history":[{"count":3,"href":"https:\/\/www.vdsm.net\/wronline\/wp-json\/wp\/v2\/posts\/772\/revisions"}],"predecessor-version":[{"id":776,"href":"https:\/\/www.vdsm.net\/wronline\/wp-json\/wp\/v2\/posts\/772\/revisions\/776"}],"wp:featuredmedia":[{"embeddable":true,"href":"https:\/\/www.vdsm.net\/wronline\/wp-json\/wp\/v2\/media\/773"}],"wp:attachment":[{"href":"https:\/\/www.vdsm.net\/wronline\/wp-json\/wp\/v2\/media?parent=772"}],"wp:term":[{"taxonomy":"category","embeddable":true,"href":"https:\/\/www.vdsm.net\/wronline\/wp-json\/wp\/v2\/categories?post=772"},{"taxonomy":"post_tag","embeddable":true,"href":"https:\/\/www.vdsm.net\/wronline\/wp-json\/wp\/v2\/tags?post=772"}],"curies":[{"name":"wp","href":"https:\/\/api.w.org\/{rel}","templated":true}]}}