{"id":744,"date":"2012-06-21T15:26:15","date_gmt":"2012-06-21T13:26:15","guid":{"rendered":"http:\/\/www.vdsm.net\/wronline\/?p=744"},"modified":"2012-06-21T15:26:15","modified_gmt":"2012-06-21T13:26:15","slug":"klaus-th-vetter-erneut-zum-ihk-praesidenten-gewaehlt","status":"publish","type":"post","link":"https:\/\/www.vdsm.net\/wronline\/klaus-th-vetter-erneut-zum-ihk-praesidenten-gewaehlt\/","title":{"rendered":"Klaus Th. Vetter erneut zum IHK-Pr\u00e4sidenten gew\u00e4hlt"},"content":{"rendered":"<div id=\"attachment_745\" style=\"width: 310px\" class=\"wp-caption alignleft\"><a href=\"http:\/\/www.vdsm.net\/wronline\/wp-content\/uploads\/2012\/06\/073-12-IHK-Pr\u00e4sident.jpg\"><img loading=\"lazy\" decoding=\"async\" aria-describedby=\"caption-attachment-745\" class=\"size-medium wp-image-745\" title=\"Das wiedergew\u00e4hlte IHK-Pr\u00e4sidium (v.li.): Christian Kocherscheidt, Klaus Th. Vetter, Axel E. Barten und Rupprecht Kemper mit IHK-Hauptgesch\u00e4ftsf\u00fchrer Franz J. Mockenhaupt. \" src=\"http:\/\/www.vdsm.net\/wronline\/wp-content\/uploads\/2012\/06\/073-12-IHK-Pr\u00e4sident-300x191.jpg\" alt=\"\" width=\"300\" height=\"191\" srcset=\"https:\/\/www.vdsm.net\/wronline\/wp-content\/uploads\/2012\/06\/073-12-IHK-Pr\u00e4sident-300x191.jpg 300w, https:\/\/www.vdsm.net\/wronline\/wp-content\/uploads\/2012\/06\/073-12-IHK-Pr\u00e4sident.jpg 600w\" sizes=\"auto, (max-width: 300px) 100vw, 300px\" \/><\/a><p id=\"caption-attachment-745\" class=\"wp-caption-text\">Das wiedergew\u00e4hlte IHK-Pr\u00e4sidium (v.li.): Christian Kocherscheidt, Klaus Th. Vetter, Axel E. Barten und Rupprecht Kemper mit IHK-Hauptgesch\u00e4ftsf\u00fchrer Franz J. Mockenhaupt.<\/p><\/div>\n<p>Siegen, 21. Juni 2012. In ihrer Sommer-Sitzung w\u00e4hlte die Vollversammlung der Industrie- und Handelskammer Siegen (IHK) den Siegener Unternehmer Klaus Th. Vetter (Vetter Holding GmbH) f\u00fcr weitere zwei Jahre zum IHK-Pr\u00e4sidenten. Vetter hat das Amt seit 2008 inne. Dem Pr\u00e4sidium, das ebenfalls f\u00fcr zwei Jahre gew\u00e4hlt wurde, geh\u00f6ren die wiedergew\u00e4hlten Vizepr\u00e4sidenten Axel E. Barten (Achenbach Buschh\u00fctten GmbH, Kreuztal), Rupprecht Kemper (Gebr. Kemper GmbH &amp; Co. KG, Olpe) und Christian Kocherscheidt (Ejot Holding GmbH &amp; Co. KG, Bad Berleburg) an.<\/p>\n","protected":false},"excerpt":{"rendered":"<p>Siegen, 21. Juni 2012. In ihrer Sommer-Sitzung w\u00e4hlte die Vollversammlung der Industrie- und Handelskammer Siegen (IHK) den Siegener Unternehmer Klaus Th. Vetter (Vetter Holding GmbH)&#8230;<\/p>\n","protected":false},"author":2,"featured_media":745,"comment_status":"open","ping_status":"open","sticky":false,"template":"","format":"standard","meta":{"_jetpack_memberships_contains_paid_content":false,"footnotes":""},"categories":[11],"tags":[],"class_list":["post-744","post","type-post","status-publish","format-standard","has-post-thumbnail","hentry","category-regionale-wirtschaft"],"jetpack_featured_media_url":"https:\/\/www.vdsm.net\/wronline\/wp-content\/uploads\/2012\/06\/073-12-IHK-Pr\u00e4sident.jpg","jetpack_sharing_enabled":true,"_links":{"self":[{"href":"https:\/\/www.vdsm.net\/wronline\/wp-json\/wp\/v2\/posts\/744","targetHints":{"allow":["GET"]}}],"collection":[{"href":"https:\/\/www.vdsm.net\/wronline\/wp-json\/wp\/v2\/posts"}],"about":[{"href":"https:\/\/www.vdsm.net\/wronline\/wp-json\/wp\/v2\/types\/post"}],"author":[{"embeddable":true,"href":"https:\/\/www.vdsm.net\/wronline\/wp-json\/wp\/v2\/users\/2"}],"replies":[{"embeddable":true,"href":"https:\/\/www.vdsm.net\/wronline\/wp-json\/wp\/v2\/comments?post=744"}],"version-history":[{"count":2,"href":"https:\/\/www.vdsm.net\/wronline\/wp-json\/wp\/v2\/posts\/744\/revisions"}],"predecessor-version":[{"id":747,"href":"https:\/\/www.vdsm.net\/wronline\/wp-json\/wp\/v2\/posts\/744\/revisions\/747"}],"wp:featuredmedia":[{"embeddable":true,"href":"https:\/\/www.vdsm.net\/wronline\/wp-json\/wp\/v2\/media\/745"}],"wp:attachment":[{"href":"https:\/\/www.vdsm.net\/wronline\/wp-json\/wp\/v2\/media?parent=744"}],"wp:term":[{"taxonomy":"category","embeddable":true,"href":"https:\/\/www.vdsm.net\/wronline\/wp-json\/wp\/v2\/categories?post=744"},{"taxonomy":"post_tag","embeddable":true,"href":"https:\/\/www.vdsm.net\/wronline\/wp-json\/wp\/v2\/tags?post=744"}],"curies":[{"name":"wp","href":"https:\/\/api.w.org\/{rel}","templated":true}]}}