{"id":7245,"date":"2017-08-14T11:42:30","date_gmt":"2017-08-14T09:42:30","guid":{"rendered":"https:\/\/www.vdsm.net\/wronline\/?p=7245"},"modified":"2017-08-14T11:42:30","modified_gmt":"2017-08-14T09:42:30","slug":"vernetzte-ladeinfrastruktur-und-strom-aus-erneuerbaren-quellen","status":"publish","type":"post","link":"https:\/\/www.vdsm.net\/wronline\/vernetzte-ladeinfrastruktur-und-strom-aus-erneuerbaren-quellen\/","title":{"rendered":"Vernetzte Ladeinfrastruktur und Strom aus erneuerbaren Quellen"},"content":{"rendered":"<p>Verantwortungsvolle Unternehmensf\u00fchrung dr\u00fcckt sich f\u00fcr immer mehr Unternehmen in aktiv praktizierter Nachhaltigkeit aus. Die M\u00f6glichkeiten, wie das Bekenntnis zu nachhaltigem Handeln umgesetzt wird, sind vielf\u00e4ltig und reichen von gelebter sozialer Verantwortung \u00fcber nachhaltige Geb\u00e4udebewirtschaftung und Architektur bis hin zum Umweltschutz. In j\u00fcngster Zeit fokussieren sich nachhaltig agierende Unternehmen verst\u00e4rkt auf vernetzungsf\u00e4hige und ressourcenschonende Konzepte f\u00fcr E-Mobilit\u00e4t.<\/p>\n<p>Bei dem Projekt der <a href=\"http:\/\/www.mennekes.de\/index._html\" target=\"_blank\" rel=\"noopener\">MENNEKES Elektrotechnik GmbH &amp; Co. KG<\/a> f\u00fcr IKEA Schweiz, ging es konkret darum, dem als Generalunternehmer auftretenden Energieunternehmen Alpiq ein eMobility Konzept f\u00fcr vernetzte Ladeinfrastruktur \u00a0an verschiedenen Standorten an die Hand zu geben. Einf\u00fcgen sollte es sich in den von IKEA verfolgten Unternehmensansatz f\u00fcr den nachhaltigen Umgang mit Ressourcen.<\/p>\n<p>So unterst\u00fctzt IKEA an seinen Standorten beispielsweise gezielt Elektromobilit\u00e4t, um einen aktiven Beitrag zu leisten, CO2-Emissionen zu verringern. Demzufolge werden Einrichtungsh\u00e4user in Deutschland und der Schweiz sukzessive mit f\u00fcr Kunden zun\u00e4chst frei zug\u00e4nglichen Lades\u00e4ulen ausgestattet.<\/p>\n<p>Die Besonderheit bei dem Projekt in der Schweiz, z.B. am Standort in Spreitenbach, ist sowohl die Nutzung von Strom aus erneuerbaren Energiequellen, als auch die Errichtung einer vernetzten Ladeinfrastruktur, die zentral verwaltet wird. Eine Anforderung, die einen ganzheitlichen Ansatz erfordert. Die Verantwortlichen bei IKEA entschieden sich daher bewusst f\u00fcr eine umfassende L\u00f6sung aus dem Portfolio von Mennekes, die der Schweizer Anbieter Alpiq umsetzte. Beratung, Planung, geeignete Hardware sowie umfangreiche Installationsleistungen an den Aufstellungsorten inklusive Verkabelung, Inbetriebnahme und Wartung kommen so aus einer Hand.<\/p>\n<p>Das neue Einrichtungshaus in Spreitenbach verfolgt z.B. ein nachhaltiges Geb\u00e4udekonzept und verf\u00fcgt \u00fcber modernste Haustechnik, die die Schweizer Zertifizierung f\u00fcr nachhaltiges Bauen \u201eMINERGIE\u201c \u00fcbertrifft. Moderne Geb\u00e4udeh\u00fclle, Holzheizung samt Feinstaubfilter, Solarzellen sowie Regenwassernutzung machen das Bauwerk energetisch zu einem Vorzeigeobjekt. Eine ideale Erg\u00e4nzung zu diesem Geb\u00e4udekonzept stellt die darauf ausgerichtete vernetze Ladeinfrastruktur dar, die ihren Strom aus erneuerbaren Energien beziehen kann.<\/p>\n<p>Der Betrieb der Ladepunkte erfolgt zu 100 Prozent mit \u00d6kostrom. Die Ladestationen stehen dem Kunden w\u00e4hrend der \u00d6ffnungszeiten kostenlos zur Verf\u00fcgung und befinden sich, meist, direkt vor dem Einrichtungshaus, in unmittelbarer N\u00e4he zum Eingang und den Familienparkpl\u00e4tzen. Mit freiem Zugang f\u00fcr Kunden zu den Lades\u00e4ulen und zentraler Verwaltung der Ladepunkte durch IKEA. W\u00e4hrend Kunden in Ruhe einkaufen, l\u00e4dt das Elektroauto beim Parken kostenlos \u00d6kostrom. Sollte IKEA diesen Service zuk\u00fcnftig nicht mehr kostenlos anbieten wollen, ist die Infrastruktur so konzipiert, dass dies \u00fcber die Zentralverwaltung flexibel realisiert werden kann, ohne dass \u00c4nderungen an der Hardware vorgenommen werden m\u00fcssen.<\/p>\n<p>Die Einbindung regenerativer Energien und das flexible Handling standen bei der Realisierung des Projekts im Fokus. Neben der Beratung und Planung, Auswahl der geeigneten Hardware und umfangreichen Installationsleistung an den Aufstellungsorten, geh\u00f6ren zu der Gesamtleistung ebenfalls die komplette Inbetriebnahme und Wartung. Die speziellen Anforderungen an die Ladeinfrastruktur erf\u00fcllt Mennekes durch den Einsatz verschiedener Produkte, wie Wand- und Standladestationen in den Ausf\u00fchrungen Smart und Premium, die miteinander vernetzt betrieben werden.<\/p>\n<p>Voraussetzung und Basis f\u00fcr eine zukunftssichere Ladeinfrastruktur ist es, schon heute m\u00f6gliche Anforderungen der Zukunft zu ber\u00fccksichtigen. Die Umsetzung eines solchen Projektes aus einer Hand ist dabei ein wesentlicher Faktor f\u00fcr die erfolgreiche und reibungslose Realisierung.<\/p>\n","protected":false},"excerpt":{"rendered":"<p>Verantwortungsvolle Unternehmensf\u00fchrung dr\u00fcckt sich f\u00fcr immer mehr Unternehmen in aktiv praktizierter Nachhaltigkeit aus. Die M\u00f6glichkeiten, wie das Bekenntnis zu nachhaltigem Handeln umgesetzt wird, sind vielf\u00e4ltig&#8230;<\/p>\n","protected":false},"author":2,"featured_media":7246,"comment_status":"open","ping_status":"open","sticky":false,"template":"","format":"standard","meta":{"_jetpack_newsletter_access":"","_jetpack_dont_email_post_to_subs":false,"_jetpack_newsletter_tier_id":0,"_jetpack_memberships_contains_paywalled_content":false,"_jetpack_feature_clip_id":0,"_jetpack_memberships_contains_paid_content":false,"footnotes":"","jetpack_post_was_ever_published":false},"categories":[1],"tags":[],"class_list":["post-7245","post","type-post","status-publish","format-standard","has-post-thumbnail","hentry","category-aktuell"],"jetpack_sharing_enabled":true,"jetpack_featured_media_url":"https:\/\/www.vdsm.net\/wronline\/wp-content\/uploads\/2017\/08\/MENNEKES_IKEA_Elektroladest.jpg","_links":{"self":[{"href":"https:\/\/www.vdsm.net\/wronline\/wp-json\/wp\/v2\/posts\/7245","targetHints":{"allow":["GET"]}}],"collection":[{"href":"https:\/\/www.vdsm.net\/wronline\/wp-json\/wp\/v2\/posts"}],"about":[{"href":"https:\/\/www.vdsm.net\/wronline\/wp-json\/wp\/v2\/types\/post"}],"author":[{"embeddable":true,"href":"https:\/\/www.vdsm.net\/wronline\/wp-json\/wp\/v2\/users\/2"}],"replies":[{"embeddable":true,"href":"https:\/\/www.vdsm.net\/wronline\/wp-json\/wp\/v2\/comments?post=7245"}],"version-history":[{"count":2,"href":"https:\/\/www.vdsm.net\/wronline\/wp-json\/wp\/v2\/posts\/7245\/revisions"}],"predecessor-version":[{"id":7248,"href":"https:\/\/www.vdsm.net\/wronline\/wp-json\/wp\/v2\/posts\/7245\/revisions\/7248"}],"wp:featuredmedia":[{"embeddable":true,"href":"https:\/\/www.vdsm.net\/wronline\/wp-json\/wp\/v2\/media\/7246"}],"wp:attachment":[{"href":"https:\/\/www.vdsm.net\/wronline\/wp-json\/wp\/v2\/media?parent=7245"}],"wp:term":[{"taxonomy":"category","embeddable":true,"href":"https:\/\/www.vdsm.net\/wronline\/wp-json\/wp\/v2\/categories?post=7245"},{"taxonomy":"post_tag","embeddable":true,"href":"https:\/\/www.vdsm.net\/wronline\/wp-json\/wp\/v2\/tags?post=7245"}],"curies":[{"name":"wp","href":"https:\/\/api.w.org\/{rel}","templated":true}]}}