{"id":722,"date":"2012-06-19T12:17:32","date_gmt":"2012-06-19T10:17:32","guid":{"rendered":"http:\/\/www.vdsm.net\/wronline\/?p=722"},"modified":"2012-06-19T12:18:02","modified_gmt":"2012-06-19T10:18:02","slug":"walter-mennekes-erneut-zum-vorstandsmitglied-des-auma-gewaehlt","status":"publish","type":"post","link":"https:\/\/www.vdsm.net\/wronline\/walter-mennekes-erneut-zum-vorstandsmitglied-des-auma-gewaehlt\/","title":{"rendered":"Walter Mennekes erneut zum Vorstandsmitglied des AUMA gew\u00e4hlt"},"content":{"rendered":"<p><a href=\"http:\/\/www.vdsm.net\/wronline\/wp-content\/uploads\/2012\/06\/WalterMennekes022012.jpg\"><img loading=\"lazy\" decoding=\"async\" class=\"alignleft size-full wp-image-723\" title=\"Walter Mennekes\" src=\"http:\/\/www.vdsm.net\/wronline\/wp-content\/uploads\/2012\/06\/WalterMennekes022012.jpg\" alt=\"\" width=\"200\" height=\"266\" \/><\/a>Kirchhundem, 19. Juni 2012. Walter Mennekes, Gesch\u00e4ftsf\u00fchrender Gesellschafter der MENNEKES Elektrotechnik GmbH &amp; Co. KG, Kirchhundem, wurde am 23. Mai 2012 f\u00fcr weitere drei Jahre in den Vorstand des AUMA Ausstellungs- und Messe-Ausschuss der Deutschen Wirtschaft gew\u00e4hlt. Mennekes geh\u00f6rt dem Vorstand als Vertreter der Elektrotechnik- und Elektronikindustrie bereits seit 12 Jahren an. Der AUMA Ausstellungs- und Messe-Ausschuss der Deutschen Wirtschaft e.V., Berlin, ist die Dachorganisation der deutschen Messebranche. Er vertritt die Interessen der Aussteller, Veranstalter und Besucher von Messen, informiert \u00fcber Messen weltweit und f\u00f6rdert Forschung sowie Aus- und Weiterbildung in der Branche. Er bereitet in Kooperation mit dem Bundeswirtschaftsministerium das Auslandsmesseprogramm des Bundes vor, mit dem deutsche Aussteller auf Auslandsmessen unterst\u00fctzt werden. Dem AUMA geh\u00f6ren derzeit 77 Mitglieder an, darunter 39 Verb\u00e4nde der ausstellenden und besuchenden Wirtschaft sowie von Serviceunternehmen und 38 Messeveranstalter.<\/p>\n","protected":false},"excerpt":{"rendered":"<p>Kirchhundem, 19. Juni 2012. Walter Mennekes, Gesch\u00e4ftsf\u00fchrender Gesellschafter der MENNEKES Elektrotechnik GmbH &amp; Co. KG, Kirchhundem, wurde am 23. Mai 2012 f\u00fcr weitere drei Jahre&#8230;<\/p>\n","protected":false},"author":2,"featured_media":723,"comment_status":"open","ping_status":"open","sticky":false,"template":"","format":"standard","meta":{"_jetpack_memberships_contains_paid_content":false,"footnotes":""},"categories":[10],"tags":[],"class_list":["post-722","post","type-post","status-publish","format-standard","has-post-thumbnail","hentry","category-unternehmen"],"jetpack_featured_media_url":"https:\/\/www.vdsm.net\/wronline\/wp-content\/uploads\/2012\/06\/WalterMennekes022012.jpg","jetpack_sharing_enabled":true,"_links":{"self":[{"href":"https:\/\/www.vdsm.net\/wronline\/wp-json\/wp\/v2\/posts\/722","targetHints":{"allow":["GET"]}}],"collection":[{"href":"https:\/\/www.vdsm.net\/wronline\/wp-json\/wp\/v2\/posts"}],"about":[{"href":"https:\/\/www.vdsm.net\/wronline\/wp-json\/wp\/v2\/types\/post"}],"author":[{"embeddable":true,"href":"https:\/\/www.vdsm.net\/wronline\/wp-json\/wp\/v2\/users\/2"}],"replies":[{"embeddable":true,"href":"https:\/\/www.vdsm.net\/wronline\/wp-json\/wp\/v2\/comments?post=722"}],"version-history":[{"count":3,"href":"https:\/\/www.vdsm.net\/wronline\/wp-json\/wp\/v2\/posts\/722\/revisions"}],"predecessor-version":[{"id":726,"href":"https:\/\/www.vdsm.net\/wronline\/wp-json\/wp\/v2\/posts\/722\/revisions\/726"}],"wp:featuredmedia":[{"embeddable":true,"href":"https:\/\/www.vdsm.net\/wronline\/wp-json\/wp\/v2\/media\/723"}],"wp:attachment":[{"href":"https:\/\/www.vdsm.net\/wronline\/wp-json\/wp\/v2\/media?parent=722"}],"wp:term":[{"taxonomy":"category","embeddable":true,"href":"https:\/\/www.vdsm.net\/wronline\/wp-json\/wp\/v2\/categories?post=722"},{"taxonomy":"post_tag","embeddable":true,"href":"https:\/\/www.vdsm.net\/wronline\/wp-json\/wp\/v2\/tags?post=722"}],"curies":[{"name":"wp","href":"https:\/\/api.w.org\/{rel}","templated":true}]}}