{"id":7096,"date":"2017-07-21T10:54:02","date_gmt":"2017-07-21T08:54:02","guid":{"rendered":"https:\/\/www.vdsm.net\/wronline\/?p=7096"},"modified":"2017-07-21T10:54:02","modified_gmt":"2017-07-21T08:54:02","slug":"fuenfte-fakultaet-an-der-uni-siegen","status":"publish","type":"post","link":"https:\/\/www.vdsm.net\/wronline\/fuenfte-fakultaet-an-der-uni-siegen\/","title":{"rendered":"F\u00fcnfte Fakult\u00e4t an der Uni Siegen"},"content":{"rendered":"<p>Die Universit\u00e4t Siegen hat den n\u00e4chsten Schritt auf dem Weg zur Etablierung eines Medizin-Studiums gemacht. Der Senat der Hochschule beschloss am 19. Juli 2017 die Aufnahme der Lebenswissenschaftlichen Fakult\u00e4t in die Grundordnung. Zuvor hatte das Rektorat der Universit\u00e4t den Beschluss zur Gr\u00fcndung der neuen Fakult\u00e4t gefasst. Mit dem Votum des Senats ist der Gr\u00fcndungsprozess eingeleitet. Die Lebenswissenschaftliche Fakult\u00e4t (LWF) stellt die f\u00fcnfte Fakult\u00e4t der Universit\u00e4t Siegen dar.<\/p>\n<p>\u201eDie Lebenswissenschaftliche Fakult\u00e4t verfolgt einen modernen, medizin-konzentrierten, aber interdisziplin\u00e4r angelegten Ansatz \u2013 ausgerichtet an der Zukunft der Medizin. Das ist f\u00fcr unser Projekt \u201aMedizin neu denken\u2018 ein bedeutender Schritt. Die Universit\u00e4t Siegen hat nun eine Lebenswissenschaftliche Fakult\u00e4t, die sich mit einem Schwerpunkt in der digitalen Medizin auch international ein Alleinstellungsmerkmal und damit ein unverwechselbares Profil gegeben hat. Dass dies gelungen ist, freut mich sehr. Das ist ein starkes Signal\u201c, sagte Rektor Prof. Dr. Holger Burckhart.<\/p>\n<p>Die LWF stellt zun\u00e4chst eine H\u00fclle dar, deren Verfassung in den n\u00e4chsten Monaten durch eine Arbeitsgruppe erstellt werden soll. Diese bildet sich aus dem Senat heraus und wird durch externe Expertise verst\u00e4rkt. Durch die Arbeitsgruppe werden zudem zentrale Fragen in den Themenbl\u00f6cken Promotionsordnung, Personalzugeh\u00f6rigkeit, Berufungsordnung und Budget gekl\u00e4rt. Im Fr\u00fchjahr k\u00f6nnte ein Gr\u00fcndungsdekan gew\u00e4hlt werden und die neue Fakult\u00e4t zum 1. April 2018 den Betrieb aufnehmen. \u201eWir wollen mit der LWF international re\u00fcssieren, wir m\u00f6chten aber vor allem Strukturen f\u00fcr eine verbesserte medizinische Versorgung jetzt und in der Zukunft f\u00fcr die Region schaffen\u201c, betonte Rektor Prof. Burckhart.<\/p>\n<p>Mit der LWF hat die Universit\u00e4t Siegen nun eine Referenz f\u00fcr die folgenden Verhandlungen mit den Kooperationspartnern im Projekt \u201eMedizin neu denken\u201c, der Universit\u00e4t Bonn, der Johannes Gutenberg-Universit\u00e4t Mainz und dem Erasmus University Medical Center Rotterdam (EMC).<\/p>\n<p>Der Fokus in den Gespr\u00e4chen mit Bonn liegt darauf, 25 Medizin-Studierende an der Lebenswissenschaftlichen Fakult\u00e4t in Zusammenarbeit mit den vier Siegener Kliniken aufzunehmen. Der Medizin-Studiengang mit dem Abschluss Staatsexamen richtet sich nach dem Curriculum der Medizinischen Fakult\u00e4t der Universit\u00e4t Bonn. Angedacht ist zudem, dass Kontingent der Medizin-Studierenden in Siegen im Rahmen der Kooperation mit der Universit\u00e4tsmedizin Mainz um weitere 25 zu erh\u00f6hen. Diese Studierenden werden ebenfalls ihre klinische Ausbildung in Siegen absolvieren.<\/p>\n<p>Die Verhandlungen mit dem EMC sind bereits fortgeschritten. Zwischen dem Rektor der Universit\u00e4t Siegen, Prof. Burckhart, und dem Dekan der Medizinischen Fakult\u00e4t des EMC, Prof. Jaap Verweij, ist eine Vereinbarung \u00fcber die zuk\u00fcnftige Zusammenarbeit in Form eines \u201eMemorandum of Understanding\u201c abgeschlossen worden. Neben dem Austausch von Lehrenden und Forschenden sowie Studierenden werden aktuell \u00dcberlegungen zum Aufbau eines gemeinsamen Bachelor\/Master-Studiengangs \u201eEuropean Master in Human Medicine\u201c angestellt.<\/p>\n<p>Die Universit\u00e4t Siegen ist zuversichtlich, dass die ersten Medizin-Studierenden in Siegen zum Wintersemester 2018\/2019 begr\u00fc\u00dft werden k\u00f6nnen. Die Vorbereitungen dazu sind auf einem guten Weg. Rektor Prof. Burckhart: \u201eDieser Kraftakt l\u00e4sst sich nur im konzentrierten Zusammenwirken der Partner miteinander sowie der reibungslosen interdisziplin\u00e4ren Zusammenarbeit der Siegener Fakult\u00e4ten und der Verwaltung stemmen. Jetzt zeigt sich, dass die Neustrukturierungen der vergangenen Jahre an der Universit\u00e4t Siegen daf\u00fcr ideale Voraussetzungen geschaffen haben und bereits Fr\u00fcchte tragen.\u201c<\/p>\n","protected":false},"excerpt":{"rendered":"<p>Die Universit\u00e4t Siegen hat den n\u00e4chsten Schritt auf dem Weg zur Etablierung eines Medizin-Studiums gemacht. Der Senat der Hochschule beschloss am 19. Juli 2017 die&#8230;<\/p>\n","protected":false},"author":2,"featured_media":7097,"comment_status":"open","ping_status":"open","sticky":false,"template":"","format":"standard","meta":{"_jetpack_memberships_contains_paid_content":false,"footnotes":""},"categories":[1,8,30],"tags":[],"class_list":["post-7096","post","type-post","status-publish","format-standard","has-post-thumbnail","hentry","category-aktuell","category-ausbildung","category-vermischtes"],"jetpack_featured_media_url":"https:\/\/www.vdsm.net\/wronline\/wp-content\/uploads\/2017\/07\/uni-siegen.jpg","jetpack_sharing_enabled":true,"_links":{"self":[{"href":"https:\/\/www.vdsm.net\/wronline\/wp-json\/wp\/v2\/posts\/7096","targetHints":{"allow":["GET"]}}],"collection":[{"href":"https:\/\/www.vdsm.net\/wronline\/wp-json\/wp\/v2\/posts"}],"about":[{"href":"https:\/\/www.vdsm.net\/wronline\/wp-json\/wp\/v2\/types\/post"}],"author":[{"embeddable":true,"href":"https:\/\/www.vdsm.net\/wronline\/wp-json\/wp\/v2\/users\/2"}],"replies":[{"embeddable":true,"href":"https:\/\/www.vdsm.net\/wronline\/wp-json\/wp\/v2\/comments?post=7096"}],"version-history":[{"count":1,"href":"https:\/\/www.vdsm.net\/wronline\/wp-json\/wp\/v2\/posts\/7096\/revisions"}],"predecessor-version":[{"id":7098,"href":"https:\/\/www.vdsm.net\/wronline\/wp-json\/wp\/v2\/posts\/7096\/revisions\/7098"}],"wp:featuredmedia":[{"embeddable":true,"href":"https:\/\/www.vdsm.net\/wronline\/wp-json\/wp\/v2\/media\/7097"}],"wp:attachment":[{"href":"https:\/\/www.vdsm.net\/wronline\/wp-json\/wp\/v2\/media?parent=7096"}],"wp:term":[{"taxonomy":"category","embeddable":true,"href":"https:\/\/www.vdsm.net\/wronline\/wp-json\/wp\/v2\/categories?post=7096"},{"taxonomy":"post_tag","embeddable":true,"href":"https:\/\/www.vdsm.net\/wronline\/wp-json\/wp\/v2\/tags?post=7096"}],"curies":[{"name":"wp","href":"https:\/\/api.w.org\/{rel}","templated":true}]}}