{"id":6759,"date":"2017-06-13T11:17:55","date_gmt":"2017-06-13T09:17:55","guid":{"rendered":"https:\/\/www.vdsm.net\/wronline\/?p=6759"},"modified":"2017-06-13T11:17:55","modified_gmt":"2017-06-13T09:17:55","slug":"sprechstunde-zum-beruflichen-wiedereinstieg-in-olpe","status":"publish","type":"post","link":"https:\/\/www.vdsm.net\/wronline\/sprechstunde-zum-beruflichen-wiedereinstieg-in-olpe\/","title":{"rendered":"Sprechstunde zum beruflichen Wiedereinstieg in Olpe"},"content":{"rendered":"<p>Die Beauftragten f\u00fcr Chancengleichheit am Arbeitsmarkt der Agentur f\u00fcr Arbeit Siegen, Birgit Riemer-Schnabel, bietet am Mittwoch, den 21.06.2017 eine Sprechstunden zum beruflichen Wiedereinstieg an. Die Sprechstunde geht von 09:00 bis 11:30 Uhr und ist im Raum E.11 in der Agentur f\u00fcr Arbeit in der Rochusstra\u00dfe 3 in Olpe. Eine Anmeldung ist nicht erforderlich.<\/p>\n<p>\u201eMit meiner Sprechstunde m\u00f6chte ich allen Frauen und M\u00e4nner, die zum Beispiel nach der Familienphase den beruflichen Wiedereinstieg wagen wollen, ein vertrauliches Beratungsangebot machen\u201c, l\u00e4dt Riemer-Schnabel ein. Im pers\u00f6nlichen Gespr\u00e4ch m\u00f6chte sie Perspektiven f\u00fcr den beruflichen Wiedereinstieg aufzeigen.<\/p>\n<p>In der Sprechstunde kann Riemer-Schnabel auch \u00fcber das Agentur-Projekt \u201aDritte Karriere\u2018 informieren. In dem Projekt bilden Kerstin Fischer aus der Arbeitsvermittlung und Gabriele Zimmer aus dem Arbeitgeber-Service ein Team. Gemeinsam beraten die beiden Vermittlerinnen Personen, die f\u00fcr die Familien-Karriere ihre Berufst\u00e4tigkeit beendet haben und wieder im Berufsleben Fu\u00df fassen wollen.<\/p>\n","protected":false},"excerpt":{"rendered":"<p>Die Beauftragten f\u00fcr Chancengleichheit am Arbeitsmarkt der Agentur f\u00fcr Arbeit Siegen, Birgit Riemer-Schnabel, bietet am Mittwoch, den 21.06.2017 eine Sprechstunden zum beruflichen Wiedereinstieg an. Die&#8230;<\/p>\n","protected":false},"author":2,"featured_media":5336,"comment_status":"open","ping_status":"open","sticky":false,"template":"","format":"standard","meta":{"_jetpack_memberships_contains_paid_content":false,"footnotes":""},"categories":[16],"tags":[],"class_list":["post-6759","post","type-post","status-publish","format-standard","has-post-thumbnail","hentry","category-arbeitsmarkt"],"jetpack_featured_media_url":"https:\/\/www.vdsm.net\/wronline\/wp-content\/uploads\/2017\/01\/arbeitsagentur.jpg","jetpack_sharing_enabled":true,"_links":{"self":[{"href":"https:\/\/www.vdsm.net\/wronline\/wp-json\/wp\/v2\/posts\/6759","targetHints":{"allow":["GET"]}}],"collection":[{"href":"https:\/\/www.vdsm.net\/wronline\/wp-json\/wp\/v2\/posts"}],"about":[{"href":"https:\/\/www.vdsm.net\/wronline\/wp-json\/wp\/v2\/types\/post"}],"author":[{"embeddable":true,"href":"https:\/\/www.vdsm.net\/wronline\/wp-json\/wp\/v2\/users\/2"}],"replies":[{"embeddable":true,"href":"https:\/\/www.vdsm.net\/wronline\/wp-json\/wp\/v2\/comments?post=6759"}],"version-history":[{"count":2,"href":"https:\/\/www.vdsm.net\/wronline\/wp-json\/wp\/v2\/posts\/6759\/revisions"}],"predecessor-version":[{"id":6761,"href":"https:\/\/www.vdsm.net\/wronline\/wp-json\/wp\/v2\/posts\/6759\/revisions\/6761"}],"wp:featuredmedia":[{"embeddable":true,"href":"https:\/\/www.vdsm.net\/wronline\/wp-json\/wp\/v2\/media\/5336"}],"wp:attachment":[{"href":"https:\/\/www.vdsm.net\/wronline\/wp-json\/wp\/v2\/media?parent=6759"}],"wp:term":[{"taxonomy":"category","embeddable":true,"href":"https:\/\/www.vdsm.net\/wronline\/wp-json\/wp\/v2\/categories?post=6759"},{"taxonomy":"post_tag","embeddable":true,"href":"https:\/\/www.vdsm.net\/wronline\/wp-json\/wp\/v2\/tags?post=6759"}],"curies":[{"name":"wp","href":"https:\/\/api.w.org\/{rel}","templated":true}]}}