{"id":6737,"date":"2017-06-08T14:42:53","date_gmt":"2017-06-08T12:42:53","guid":{"rendered":"https:\/\/www.vdsm.net\/wronline\/?p=6737"},"modified":"2017-06-08T14:42:53","modified_gmt":"2017-06-08T12:42:53","slug":"aktive-berufsorientierung-am-baeumer-messestand","status":"publish","type":"post","link":"https:\/\/www.vdsm.net\/wronline\/aktive-berufsorientierung-am-baeumer-messestand\/","title":{"rendered":"Aktive Berufsorientierung am B\u00e4umer-Messestand"},"content":{"rendered":"<div class=\"teaser-text\">\n<p>Es waren zwei spannende Tage \u2013 sowohl f\u00fcr das B\u00e4umer-Team als auch f\u00fcr die vielen Sch\u00fcler und Studenten, die sich auf der Ausbildungsmesse in der Siegerlandhalle \u00fcber ihren m\u00f6glichen Karrierestart informierten. Sie nutzten diese Messetage, um verschiedene Berufe kennenzulernen und einfach mal mit den ortsans\u00e4ssigen Firmen in Kontakt zu treten. Die Albrecht B\u00e4umer GmbH &amp; Co. KG\u00a0aus Freudenberg<b>\u00a0<\/b>erhielt enormen Zuspruch, denn die guten Ausbildungsm\u00f6glichkeiten haben sich mittlerweile rumgesprochen. Erst im letzten Jahr hat B\u00e4umer rund 100.000,- Euro in eine neu Elektro-Ausbildungswerkstatt gesteckt \u2013 denn die Ausbildung des eigenen Nachwuchses ist dem Unternehmen extrem wichtig.<\/p>\n<\/div>\n<div class=\"news-text-wrap\">\n<p>\u201eIn diesem Jahr ist das Interesse an technischen Ausbildungsberufen besonders hoch. Es macht mir Spa\u00df, mit jungen Menschen zu arbeiten und mein Wissen weiterzugeben. Die sind wie Schw\u00e4mme, die nur darauf warten, sich vollsaugen zu k\u00f6nnen\u201c so Rudolf Jung, Ausbildungsleiter f\u00fcr den Elektrobereich.<\/p>\n<p>Andreas Bendel, Ausbildungsleiter f\u00fcr den mechanischen Bereich, zeigte sich begeistert \u201eEinige Sch\u00fcler hatten konkrete Vorstellungen, was ihnen Spa\u00df machen k\u00f6nnte. Andere waren eher neugierig und lie\u00dfen sich nach ihren Neigungen und Talenten beraten. Im Gegensatz zum letzten Jahr waren viele junge Menschen mit ihren Freunden auf der Messe unterwegs und hatten Eltern und Gro\u00dfeltern zu Hause gelassen\u201c. B\u00e4umer bildet in zahlreichen Berufen aus: technisch, mechanisch und gewerblich.<\/p>\n<p>\u201eWir sind begeistert, wenn sich die Sch\u00fcler gut auf die Ausbildungsmesse vorbereiten und uns gleich am Messestand ihre Bewerbung \u00fcbergeben. Besonders erfreulich ist, dass wir zwei Besuchern der Ausbildungsmesse ein Praktikum in unserem Unternehmen erm\u00f6glichen k\u00f6nnen.\u201c freut sich Petra Giesler, Personalleiterin bei B\u00e4umer. Besonders interessiert waren die Sch\u00fcler an den Auslandspraktika, die B\u00e4umer w\u00e4hrend der Ausbildung erm\u00f6glicht und an den hervorragenden M\u00f6glichkeiten zur Pr\u00fcfungsvorbereitung. \u201cGerne bieten wir auch Schulen die M\u00f6glichkeit an, mit ihren Sch\u00fclern unser Unternehmen zu besichtigen, um einen Einblick in die Arbeitswelt zu erhalten. Wir haben die Ausbildungsmesse genutzt, um Schulen hier\u00fcber zu informieren und Kontakte herzustellen. \u201c<\/p>\n<p>Als Beitrag\u00a0 zur\u00a0 langfristigen\u00a0 Qualit\u00e4tssicherung\u00a0 und\u00a0 insbesondere\u00a0 auch aus einer gesellschaftspolitischen Verantwortung gegen\u00fcber der Jugend heraus, bildet\u00a0 B\u00e4umer\u00a0 seit\u00a0 1946 aus\u00a0 und\u00a0 hat\u00a0 sich\u00a0 zum\u00a0 renommierten\u00a0 Ausbildungsunternehmen\u00a0 entwickelt.\u00a0 Im \u00a0Jahresdurchschnitt\u00a0 besch\u00e4ftigt B\u00e4umer\u00a0 rund\u00a0 50\u00a0 Auszubildende, \u00a0was in etwa 15 % der Gesamtbelegschaft ausmacht.<\/p>\n<\/div>\n","protected":false},"excerpt":{"rendered":"<p>Es waren zwei spannende Tage \u2013 sowohl f\u00fcr das B\u00e4umer-Team als auch f\u00fcr die vielen Sch\u00fcler und Studenten, die sich auf der Ausbildungsmesse in der&#8230;<\/p>\n","protected":false},"author":2,"featured_media":6738,"comment_status":"open","ping_status":"open","sticky":false,"template":"","format":"standard","meta":{"_jetpack_newsletter_access":"","_jetpack_dont_email_post_to_subs":false,"_jetpack_newsletter_tier_id":0,"_jetpack_memberships_contains_paywalled_content":false,"_jetpack_feature_clip_id":0,"_jetpack_memberships_contains_paid_content":false,"footnotes":"","jetpack_post_was_ever_published":false},"categories":[10],"tags":[],"class_list":["post-6737","post","type-post","status-publish","format-standard","has-post-thumbnail","hentry","category-unternehmen"],"jetpack_sharing_enabled":true,"jetpack_featured_media_url":"https:\/\/www.vdsm.net\/wronline\/wp-content\/uploads\/2017\/06\/baemer-Ausbildungsmes.jpg","_links":{"self":[{"href":"https:\/\/www.vdsm.net\/wronline\/wp-json\/wp\/v2\/posts\/6737","targetHints":{"allow":["GET"]}}],"collection":[{"href":"https:\/\/www.vdsm.net\/wronline\/wp-json\/wp\/v2\/posts"}],"about":[{"href":"https:\/\/www.vdsm.net\/wronline\/wp-json\/wp\/v2\/types\/post"}],"author":[{"embeddable":true,"href":"https:\/\/www.vdsm.net\/wronline\/wp-json\/wp\/v2\/users\/2"}],"replies":[{"embeddable":true,"href":"https:\/\/www.vdsm.net\/wronline\/wp-json\/wp\/v2\/comments?post=6737"}],"version-history":[{"count":2,"href":"https:\/\/www.vdsm.net\/wronline\/wp-json\/wp\/v2\/posts\/6737\/revisions"}],"predecessor-version":[{"id":6740,"href":"https:\/\/www.vdsm.net\/wronline\/wp-json\/wp\/v2\/posts\/6737\/revisions\/6740"}],"wp:featuredmedia":[{"embeddable":true,"href":"https:\/\/www.vdsm.net\/wronline\/wp-json\/wp\/v2\/media\/6738"}],"wp:attachment":[{"href":"https:\/\/www.vdsm.net\/wronline\/wp-json\/wp\/v2\/media?parent=6737"}],"wp:term":[{"taxonomy":"category","embeddable":true,"href":"https:\/\/www.vdsm.net\/wronline\/wp-json\/wp\/v2\/categories?post=6737"},{"taxonomy":"post_tag","embeddable":true,"href":"https:\/\/www.vdsm.net\/wronline\/wp-json\/wp\/v2\/tags?post=6737"}],"curies":[{"name":"wp","href":"https:\/\/api.w.org\/{rel}","templated":true}]}}