{"id":6342,"date":"2017-04-21T16:31:59","date_gmt":"2017-04-21T14:31:59","guid":{"rendered":"https:\/\/www.vdsm.net\/wronline\/?p=6342"},"modified":"2017-04-21T16:32:51","modified_gmt":"2017-04-21T14:32:51","slug":"gemeinsam-fuer-eine-funktionierende-infrastruktur","status":"publish","type":"post","link":"https:\/\/www.vdsm.net\/wronline\/gemeinsam-fuer-eine-funktionierende-infrastruktur\/","title":{"rendered":"Gemeinsam f\u00fcr eine funktionierende Infrastruktur"},"content":{"rendered":"<p>Im Rahmen des auf NRW-Ebene neu gegr\u00fcndeten \u201eB\u00fcndnis f\u00fcr Infrastruktur\u201c wurde heute in L\u00fcdenscheid das erste regionale B\u00fcndnis f\u00fcr Infrastruktur \u201eA45\u201c, bestehend aus den Industrie- und Handelskammern zu Dortmund, Hagen und Siegen sowie den DGB-Regionen Dortmund-Hellweg, Ruhr-Mark und S\u00fcdwestfalen und dem Landesbetrieb Stra\u00dfenbau NRW, vorgestellt. Grundlage ist in diesem Fall der von den IHKs ins Leben gerufene Masterplan A45. \u201eF\u00fcr uns als Industrie- und Handelskammern ist es ein weiterer Schritt nach vorne, ein B\u00fcndnis gemeinsam mit den Arbeitnehmervertretern zu gr\u00fcnden. Es zeigt, dass die Forderung nach wichtigen Infrastrukturprojekten nicht nur auf Seiten der Unternehmen besteht\u201c, so SIHK-Hauptgesch\u00e4ftsf\u00fchrer Dr. Ralf Geruschkat. Hans-Peter Langer, Referatsleiter Verkehr der IHK Siegen: \u201eDas B\u00fcndnis ist f\u00fcr uns wichtig. Aus Sicht der Wirtschaft muss alles daf\u00fcr unternommen werden, dass den Unternehmen m\u00f6glichst bald wieder eine leistungsf\u00e4hige Lebensader A45 zur Verf\u00fcgung steht.\u201c Und Stefan Marx, Regionsgesch\u00e4ftsf\u00fchrer der DGB-Region Ruhr-Mark, erg\u00e4nzt: \u201eAuch Arbeitnehmer stehen im Stau und wollen eine funktionierende Infrastruktur. Von daher stehen wir als DGB hinter dem B\u00fcndnis und halten es f\u00fcr wichtig, mit der Wirtschaft gemeinsam L\u00f6sungen zu suchen und zu fordern.\u201c<\/p>\n<p>In Anwesenheit des NRW-Verkehrsministers Michael Groschek wurde das regionale \u201eB\u00fcndnis f\u00fcr Infrastruktur\u201c nun der \u00d6ffentlichkeit pr\u00e4sentiert. Gemeinsam mit Finanzminister Norbert Walter-Borjans und Wirtschaftsminister Garrelt Duin hatte Groschek das B\u00fcndnis im vergangenen Jahr auf Landesebene ins Leben gerufen. \u201eWer \u201eja\u201c zu einem leistungsf\u00e4higen Verkehrswegenetz von morgen sagt, darf heute nicht \u201enein\u201c sagen, wenn gebaut werden soll\u201c, so der Verkehrsminister. \u201eGegen Stau hilft Bau, darum braucht die Gesellschaft Initiativen, die f\u00fcr etwas sind, nicht dagegen.\u201c Und weiter: \u201eBeim A45-Ausbau wurde mit dem Masterplan A45 ein vorbildliches regionales B\u00fcndnis geschmiedet. IHK, DGB und das Land ziehen an einem Strang, um Akzeptanz und Verst\u00e4ndnis in der Bev\u00f6lkerung f\u00fcr den Ausbau der A45 zu erh\u00f6hen und die notwendigen Infrastrukturma\u00dfnahmen unseres Landes z\u00fcgig abwickeln zu k\u00f6nnen.\u201c<\/p>\n<p>Auch der DGB wird im Rahmen des B\u00fcndnisses ab sofort im 2016 ins Leben gerufenen Beirat des Masterplans A45 vertreten sein. Diese Aufgabe \u00fcbernimmt Ingo Degenhardt, Regionsgesch\u00e4ftsf\u00fchrer DGB Region S\u00fcdwestfalen. In diesem Beirat sind Mitglieder des Bundes- und Landtages, Vertreter verschiedener Ministerien, Landr\u00e4te und Oberb\u00fcrgermeister sowie auch Universit\u00e4tsvertreter und ein Delegierter der Naturschutzverb\u00e4nde vertreten. Die Mitglieder haben die Aufgabe, ihre Interessen und Anregungen fr\u00fchzeitig in die Planung einzubringen und die in dem Beirat gewonnenen Informationen in die eigenen Netzwerke einzuspeisen und somit f\u00fcr einen reibungslosen Ablauf der Planungen und der Bauarbeiten zu sorgen. \u201eDurch das neue Mitglied DGB im Beirat wird jetzt die Sto\u00dfkraft des Gremiums nochmals gesteigert. Im Rahmen des \u201aB\u00fcndnisses f\u00fcr Infrastruktur\u2018 f\u00fcr die A45 werden so zuk\u00fcnftig auch die regionalen Niederlassungen des DGB ihre Kompetenz und ihre Kontakte einbringen k\u00f6nnen\u201c, so Dr. Ralf Geruschkat.<\/p>\n<p>Vorgestellt wurde in L\u00fcdenscheid zudem die neue Informationsplattform \u201e<a href=\"http:\/\/www.a45wirdneu.de\" target=\"_blank\" rel=\"noopener noreferrer\">www.a45wirdneu.de<\/a> \u201c, die von den drei IHKs betreut wird. Sie bietet ab sofort einen aktuellen \u00dcberblick \u00fcber die Planungs- und Baufortschritte und informiert dar\u00fcber hinaus \u00fcber alles m\u00f6gliche Wissenswerte rund um die A45.<\/p>\n","protected":false},"excerpt":{"rendered":"<p>Im Rahmen des auf NRW-Ebene neu gegr\u00fcndeten \u201eB\u00fcndnis f\u00fcr Infrastruktur\u201c wurde heute in L\u00fcdenscheid das erste regionale B\u00fcndnis f\u00fcr Infrastruktur \u201eA45\u201c, bestehend aus den Industrie-&#8230;<\/p>\n","protected":false},"author":2,"featured_media":6343,"comment_status":"open","ping_status":"open","sticky":false,"template":"","format":"standard","meta":{"_jetpack_memberships_contains_paid_content":false,"footnotes":""},"categories":[1,30],"tags":[],"class_list":["post-6342","post","type-post","status-publish","format-standard","has-post-thumbnail","hentry","category-aktuell","category-vermischtes"],"jetpack_featured_media_url":"https:\/\/www.vdsm.net\/wronline\/wp-content\/uploads\/2017\/04\/033-17-Masterplan-A45-1.jpg","jetpack_sharing_enabled":true,"_links":{"self":[{"href":"https:\/\/www.vdsm.net\/wronline\/wp-json\/wp\/v2\/posts\/6342","targetHints":{"allow":["GET"]}}],"collection":[{"href":"https:\/\/www.vdsm.net\/wronline\/wp-json\/wp\/v2\/posts"}],"about":[{"href":"https:\/\/www.vdsm.net\/wronline\/wp-json\/wp\/v2\/types\/post"}],"author":[{"embeddable":true,"href":"https:\/\/www.vdsm.net\/wronline\/wp-json\/wp\/v2\/users\/2"}],"replies":[{"embeddable":true,"href":"https:\/\/www.vdsm.net\/wronline\/wp-json\/wp\/v2\/comments?post=6342"}],"version-history":[{"count":1,"href":"https:\/\/www.vdsm.net\/wronline\/wp-json\/wp\/v2\/posts\/6342\/revisions"}],"predecessor-version":[{"id":6344,"href":"https:\/\/www.vdsm.net\/wronline\/wp-json\/wp\/v2\/posts\/6342\/revisions\/6344"}],"wp:featuredmedia":[{"embeddable":true,"href":"https:\/\/www.vdsm.net\/wronline\/wp-json\/wp\/v2\/media\/6343"}],"wp:attachment":[{"href":"https:\/\/www.vdsm.net\/wronline\/wp-json\/wp\/v2\/media?parent=6342"}],"wp:term":[{"taxonomy":"category","embeddable":true,"href":"https:\/\/www.vdsm.net\/wronline\/wp-json\/wp\/v2\/categories?post=6342"},{"taxonomy":"post_tag","embeddable":true,"href":"https:\/\/www.vdsm.net\/wronline\/wp-json\/wp\/v2\/tags?post=6342"}],"curies":[{"name":"wp","href":"https:\/\/api.w.org\/{rel}","templated":true}]}}