{"id":6338,"date":"2017-04-21T16:26:34","date_gmt":"2017-04-21T14:26:34","guid":{"rendered":"https:\/\/www.vdsm.net\/wronline\/?p=6338"},"modified":"2017-04-21T16:26:34","modified_gmt":"2017-04-21T14:26:34","slug":"rudolf-koenig-gen-kersting-verabschiedet","status":"publish","type":"post","link":"https:\/\/www.vdsm.net\/wronline\/rudolf-koenig-gen-kersting-verabschiedet\/","title":{"rendered":"Rudolf K\u00f6nig gen. Kersting verabschiedet"},"content":{"rendered":"<p>IHK-Gesch\u00e4ftsf\u00fchrer Rudolf K\u00f6nig gen. Kersting beendete in diesen Tagen seine T\u00e4tigkeit f\u00fcr die heimische Kammer. \u201eSie haben 25 Jahre lang die Arbeit unserer Industrie- und Handelskammer (IHK) durch Ihre verl\u00e4ssliche und verbindliche Art gepr\u00e4gt. Daf\u00fcr bedanken wir uns sehr herzlich\u201c, betonte IHK-Pr\u00e4sident Felix G. Hensel bei der Verabschiedung, die im Rahmen des Wittgensteiner Unternehmergespr\u00e4chs stattfand. K\u00f6nig war seit 1992 bei der IHK Siegen besch\u00e4ftigt und hier zuletzt verantwortlich f\u00fcr den Gesch\u00e4ftsbereich \u201eStandort und Infrastruktur\u201c. Schwerpunkte seiner T\u00e4tigkeit waren unter anderem die Rechtsberatung, die Au\u00dfenwirtschaft sowie der Einzelhandel. Der Volljurist war nach seinem Studium an der Ruhr-Universit\u00e4t zu Bochum zun\u00e4chst in einer Anwaltskanzlei und dann neun Jahre lang bei der Iserlohner Edelhoff AG t\u00e4tig. \u201eStets war Ihnen dabei der enge Kontakt mit den Unternehmen ein besonders wichtiges Anliegen\u201c, lobte Felix G. Hensel den zuk\u00fcnftigen Ruhest\u00e4ndler: \u201eSie waren im doppelten Sinne des Wortes ein sachkundiger Anwalt unserer IHK und ihrer Anliegen.\u201c Rudolf K\u00f6nig gen. Kersting bedankte sich f\u00fcr die gute Zusammenarbeit mit den Unternehmensvertretern in den vergangenen zweieinhalb Jahrzehnten. Die vielen Kontakte zu den Unternehmern h\u00e4tten ihn stets bereichert.<\/p>\n","protected":false},"excerpt":{"rendered":"<p>IHK-Gesch\u00e4ftsf\u00fchrer Rudolf K\u00f6nig gen. Kersting beendete in diesen Tagen seine T\u00e4tigkeit f\u00fcr die heimische Kammer. \u201eSie haben 25 Jahre lang die Arbeit unserer Industrie- und&#8230;<\/p>\n","protected":false},"author":2,"featured_media":6339,"comment_status":"open","ping_status":"open","sticky":false,"template":"","format":"standard","meta":{"_jetpack_memberships_contains_paid_content":false,"footnotes":""},"categories":[32,11],"tags":[],"class_list":["post-6338","post","type-post","status-publish","format-standard","has-post-thumbnail","hentry","category-infos","category-regionale-wirtschaft"],"jetpack_featured_media_url":"https:\/\/www.vdsm.net\/wronline\/wp-content\/uploads\/2017\/04\/032-17-Verabschiedung-Koeni.jpg","jetpack_sharing_enabled":true,"_links":{"self":[{"href":"https:\/\/www.vdsm.net\/wronline\/wp-json\/wp\/v2\/posts\/6338","targetHints":{"allow":["GET"]}}],"collection":[{"href":"https:\/\/www.vdsm.net\/wronline\/wp-json\/wp\/v2\/posts"}],"about":[{"href":"https:\/\/www.vdsm.net\/wronline\/wp-json\/wp\/v2\/types\/post"}],"author":[{"embeddable":true,"href":"https:\/\/www.vdsm.net\/wronline\/wp-json\/wp\/v2\/users\/2"}],"replies":[{"embeddable":true,"href":"https:\/\/www.vdsm.net\/wronline\/wp-json\/wp\/v2\/comments?post=6338"}],"version-history":[{"count":2,"href":"https:\/\/www.vdsm.net\/wronline\/wp-json\/wp\/v2\/posts\/6338\/revisions"}],"predecessor-version":[{"id":6341,"href":"https:\/\/www.vdsm.net\/wronline\/wp-json\/wp\/v2\/posts\/6338\/revisions\/6341"}],"wp:featuredmedia":[{"embeddable":true,"href":"https:\/\/www.vdsm.net\/wronline\/wp-json\/wp\/v2\/media\/6339"}],"wp:attachment":[{"href":"https:\/\/www.vdsm.net\/wronline\/wp-json\/wp\/v2\/media?parent=6338"}],"wp:term":[{"taxonomy":"category","embeddable":true,"href":"https:\/\/www.vdsm.net\/wronline\/wp-json\/wp\/v2\/categories?post=6338"},{"taxonomy":"post_tag","embeddable":true,"href":"https:\/\/www.vdsm.net\/wronline\/wp-json\/wp\/v2\/tags?post=6338"}],"curies":[{"name":"wp","href":"https:\/\/api.w.org\/{rel}","templated":true}]}}