{"id":6316,"date":"2017-04-19T09:51:07","date_gmt":"2017-04-19T07:51:07","guid":{"rendered":"https:\/\/www.vdsm.net\/wronline\/?p=6316"},"modified":"2017-04-19T09:51:07","modified_gmt":"2017-04-19T07:51:07","slug":"sprechstunde-zum-beruflichen-wiedereinstieg-in-burbach","status":"publish","type":"post","link":"https:\/\/www.vdsm.net\/wronline\/sprechstunde-zum-beruflichen-wiedereinstieg-in-burbach\/","title":{"rendered":"Sprechstunde zum beruflichen Wiedereinstieg in Burbach"},"content":{"rendered":"<p>Birgit Riemer-Schnabel bietet am Dienstag, den 26.04.2017 in Burbach eine Sprechstunden zum beruflichen Wiedereinstieg an. Die Beauftragte f\u00fcr Chancengleichheit am Arbeitsmarkt der Agentur f\u00fcr Arbeit Siegen ber\u00e4t Frauen und M\u00e4nner, die nach der Familienzeit wieder in den Beruf einsteigen wollen. Im pers\u00f6nlichen Gespr\u00e4ch zeigt sie berufliche Perspektiven auf und stellt M\u00f6glichkeiten zur Unterst\u00fctzung vor. Die Sprechstunde geht von 9 bis 11:30 Uhr und ist im Raum 10 in der Agentur f\u00fcr Arbeit in der Nassauische Stra\u00dfe 15 in Burbach. Eine Anmeldung ist nicht erforderlich.<\/p>\n<p>In der Infoveranstaltung informiert Riemer-Schnabel auch \u00fcber das Agentur-Projekt \u201aDritte Karriere\u2018. In dem Projekt bilden Kerstin Fischer aus der Arbeitsvermittlung und Gabriele Zimmer aus dem Arbeitgeber-Service ein Team. Gemeinsam beraten die beiden Vermittlerinnen Personen, die f\u00fcr die Familien-Karriere ihre Berufst\u00e4tigkeit beendet haben und wieder im Berufsleben Fu\u00df fassen wollen.<\/p>\n","protected":false},"excerpt":{"rendered":"<p>Birgit Riemer-Schnabel bietet am Dienstag, den 26.04.2017 in Burbach eine Sprechstunden zum beruflichen Wiedereinstieg an. Die Beauftragte f\u00fcr Chancengleichheit am Arbeitsmarkt der Agentur f\u00fcr Arbeit&#8230;<\/p>\n","protected":false},"author":2,"featured_media":5336,"comment_status":"open","ping_status":"open","sticky":false,"template":"","format":"standard","meta":{"_jetpack_memberships_contains_paid_content":false,"footnotes":""},"categories":[16,34],"tags":[],"class_list":["post-6316","post","type-post","status-publish","format-standard","has-post-thumbnail","hentry","category-arbeitsmarkt","category-termine"],"jetpack_featured_media_url":"https:\/\/www.vdsm.net\/wronline\/wp-content\/uploads\/2017\/01\/arbeitsagentur.jpg","jetpack_sharing_enabled":true,"_links":{"self":[{"href":"https:\/\/www.vdsm.net\/wronline\/wp-json\/wp\/v2\/posts\/6316","targetHints":{"allow":["GET"]}}],"collection":[{"href":"https:\/\/www.vdsm.net\/wronline\/wp-json\/wp\/v2\/posts"}],"about":[{"href":"https:\/\/www.vdsm.net\/wronline\/wp-json\/wp\/v2\/types\/post"}],"author":[{"embeddable":true,"href":"https:\/\/www.vdsm.net\/wronline\/wp-json\/wp\/v2\/users\/2"}],"replies":[{"embeddable":true,"href":"https:\/\/www.vdsm.net\/wronline\/wp-json\/wp\/v2\/comments?post=6316"}],"version-history":[{"count":1,"href":"https:\/\/www.vdsm.net\/wronline\/wp-json\/wp\/v2\/posts\/6316\/revisions"}],"predecessor-version":[{"id":6317,"href":"https:\/\/www.vdsm.net\/wronline\/wp-json\/wp\/v2\/posts\/6316\/revisions\/6317"}],"wp:featuredmedia":[{"embeddable":true,"href":"https:\/\/www.vdsm.net\/wronline\/wp-json\/wp\/v2\/media\/5336"}],"wp:attachment":[{"href":"https:\/\/www.vdsm.net\/wronline\/wp-json\/wp\/v2\/media?parent=6316"}],"wp:term":[{"taxonomy":"category","embeddable":true,"href":"https:\/\/www.vdsm.net\/wronline\/wp-json\/wp\/v2\/categories?post=6316"},{"taxonomy":"post_tag","embeddable":true,"href":"https:\/\/www.vdsm.net\/wronline\/wp-json\/wp\/v2\/tags?post=6316"}],"curies":[{"name":"wp","href":"https:\/\/api.w.org\/{rel}","templated":true}]}}