{"id":6288,"date":"2017-04-14T08:02:44","date_gmt":"2017-04-14T06:02:44","guid":{"rendered":"https:\/\/www.vdsm.net\/wronline\/?p=6288"},"modified":"2017-04-14T08:02:44","modified_gmt":"2017-04-14T06:02:44","slug":"perspektive-suedwestfalen-nimmt-fahrt-auf","status":"publish","type":"post","link":"https:\/\/www.vdsm.net\/wronline\/perspektive-suedwestfalen-nimmt-fahrt-auf\/","title":{"rendered":"\u201ePERSPEKTIVE S\u00fcdwestfalen\u201c nimmt Fahrt auf"},"content":{"rendered":"<p>Nach dem offiziellen Start des Projekts \u201ePERSPEKTIVE S\u00fcdwestfalen\u201c hat sich nun auch ein entsprechender Beirat als projektbegleitendes Gremium konstituiert. Das Ziel des Projekts: Sch\u00fclerInnen und Studierende f\u00fcr die Region begeistern und Neub\u00fcrgern das Ankommen in der Region zu erleichtern. Die Aufgabe des Beirats ist es, mit daf\u00fcr zu sorgen, dass die vorhandenen Kompetenzen und Strukturen S\u00fcdwestfalens dazu optimal genutzt werden.<\/p>\n<p>Das entsprechende Credo des Beirats: \u201eDoppelstrukturen? Fehlanzeige!\u201c Ob Arbeitgeberverb\u00e4nde oder Agenturen f\u00fcr Arbeit, Kammern, Hochschulen und Schul\u00e4mter, Tourismusverb\u00e4nde, Gewerkschaften, Wirtschaftsf\u00f6rderungen, Kultur- und Sportvertreter oder Regionalagenturen und Bildungsnetzwerke \u2013 bei diesem Projekt m\u00f6chten alle an einem Strang ziehen&#8230; Die erste Sitzung des Projektbeirats mit 17 Mitgliedern fand dazu k\u00fcrzlich im Technikum der Kemper GmbH &amp; Co.KG in Olpe statt. Bereits in dieser ersten Sitzung demonstrierten die Gremiumsmitglieder Geschlossenheit: \u201eEs ist gut und genau richtig, hier die Kr\u00e4fte der Region zu b\u00fcndeln\u201c, urteilte beispielsweise der Hauptgesch\u00e4ftsf\u00fchrer der Handwerkskammer S\u00fcdwestfalen Meinolf Niemand, \u201edenn es ist f\u00fcr uns alle ein Herzensanliegen, den Nachwuchs in der Region f\u00fcr die heimischen Perspektiven zu begeistern!\u201c. Mit dieser Sichtweise stand er nicht alleine da: Die namhaften Vertreter der unterschiedlichen Institutionen waren sich \u00fcber die Relevanz des Projektansatzes einig.<\/p>\n<p>Entsprechend vielf\u00e4ltig waren auch die Denkanst\u00f6\u00dfe des Beirats zur konkreten Projektumsetzung: Denn \u201ePERSPEKTIVE S\u00fcdwestfalen\u201c m\u00f6chte mit den vielen Partnern der Region ein starkes Netzwerk schaffen, das die Unternehmen der Region mittel- und langfristig optimal bei den Bem\u00fchungen um Fach- und F\u00fchrungskr\u00e4fteakquise unterst\u00fctzt. Die verantwortlichen Projektmanagerinnen Lisa Krull und Saskia Haardt stellten hierzu die bisherigen \u00dcberlegungen vor.<\/p>\n<p>In der anschlie\u00dfenden Diskussion wurde deutlich, wie wichtig die Schaffung von zielgruppengenauen Angeboten ist, was die genaue Kenntnis der jeweiligen Zielgruppen voraussetzt. Entsprechend fand das Vorhaben des Projektteams, eine umfassende \u201eJugendstudie S\u00fcdwestfalen\u201c zu organisieren, im Beirat gro\u00dfen Anklang. Mithilfe dieser Studie soll in diesem Sommer zun\u00e4chst ermittelt werden, wie stark jungen Menschen in der Region ihre beruflichen Perspektiven in S\u00fcdwestfalen bewusst sind \u2013 und wie sie diese beurteilen.<\/p>\n<p>Besondere Beachtung fand unter den Beiratsmitgliedern zudem ein Ansatz, der die hiesigen Schul- und Studienabg\u00e4nger der Region im Auge hat. Die Idee: Die Entwicklung eines sogenannten \u201eGap Year Programms S\u00fcdwestfalen\u201c. Also ein Orientierungsjahr, f\u00fcr das Abiturienten oder Bachelor-Absolventen sich bewerben k\u00f6nnen, um innerhalb eines Jahres mehrere organisierte Projekteins\u00e4tze in s\u00fcdwestf\u00e4lischen Unternehmen zu machen und somit hinter die Kulissen der heimischen Wirtschaft schauen k\u00f6nnen. \u201eKlingt absolut interessant\u201c, urteilten die Beiratsmitglieder mit Blick auf die potenzielle Strahlkraft eines solchen Angebots und die starke mittelst\u00e4ndische Wirtschaft der Region. In den n\u00e4chsten Wochen soll diese Idee nun mit Unternehmensvertretern im Hinblick auf ihre Praxistauglichkeit diskutiert und weiterentwickelt werden.<\/p>\n<p>Zudem soll im Rahmen des Projekts Neub\u00fcrgern in der Region ein klares Gef\u00fchl des Willkommenseins in S\u00fcdwestfalen vermittelt und ein dauerhafter Integrationsprozess unterst\u00fctzt werden. Dazu werden beispielsweise Instrumente f\u00fcr die s\u00fcdwestf\u00e4lischen Kommunen und Arbeitgeber vor Ort entwickelt, um Neub\u00fcrgern ein klares Gef\u00fchl des Willkommenseins in S\u00fcdwestfalen zu vermitteln. Diese k\u00f6nnen dann gezielt und kosteng\u00fcnstig eingesetzt werden.<\/p>\n<p>Auch k\u00fcnftig wird der Beirat das s\u00fcdwestf\u00e4lische Projekt \u201ePERSPEKTIVE S\u00fcdwestfalen\u201c aufmerksam begleiten; die n\u00e4chste Beiratssitzung ist f\u00fcr den 11. Oktober geplant.<\/p>\n","protected":false},"excerpt":{"rendered":"<p>Nach dem offiziellen Start des Projekts \u201ePERSPEKTIVE S\u00fcdwestfalen\u201c hat sich nun auch ein entsprechender Beirat als projektbegleitendes Gremium konstituiert. Das Ziel des Projekts: Sch\u00fclerInnen und&#8230;<\/p>\n","protected":false},"author":2,"featured_media":6289,"comment_status":"open","ping_status":"open","sticky":false,"template":"","format":"standard","meta":{"_jetpack_memberships_contains_paid_content":false,"footnotes":""},"categories":[30,11],"tags":[],"class_list":["post-6288","post","type-post","status-publish","format-standard","has-post-thumbnail","hentry","category-vermischtes","category-regionale-wirtschaft"],"jetpack_featured_media_url":"https:\/\/www.vdsm.net\/wronline\/wp-content\/uploads\/2017\/04\/perspektive-suedwestfalen17.jpg","jetpack_sharing_enabled":true,"_links":{"self":[{"href":"https:\/\/www.vdsm.net\/wronline\/wp-json\/wp\/v2\/posts\/6288","targetHints":{"allow":["GET"]}}],"collection":[{"href":"https:\/\/www.vdsm.net\/wronline\/wp-json\/wp\/v2\/posts"}],"about":[{"href":"https:\/\/www.vdsm.net\/wronline\/wp-json\/wp\/v2\/types\/post"}],"author":[{"embeddable":true,"href":"https:\/\/www.vdsm.net\/wronline\/wp-json\/wp\/v2\/users\/2"}],"replies":[{"embeddable":true,"href":"https:\/\/www.vdsm.net\/wronline\/wp-json\/wp\/v2\/comments?post=6288"}],"version-history":[{"count":1,"href":"https:\/\/www.vdsm.net\/wronline\/wp-json\/wp\/v2\/posts\/6288\/revisions"}],"predecessor-version":[{"id":6290,"href":"https:\/\/www.vdsm.net\/wronline\/wp-json\/wp\/v2\/posts\/6288\/revisions\/6290"}],"wp:featuredmedia":[{"embeddable":true,"href":"https:\/\/www.vdsm.net\/wronline\/wp-json\/wp\/v2\/media\/6289"}],"wp:attachment":[{"href":"https:\/\/www.vdsm.net\/wronline\/wp-json\/wp\/v2\/media?parent=6288"}],"wp:term":[{"taxonomy":"category","embeddable":true,"href":"https:\/\/www.vdsm.net\/wronline\/wp-json\/wp\/v2\/categories?post=6288"},{"taxonomy":"post_tag","embeddable":true,"href":"https:\/\/www.vdsm.net\/wronline\/wp-json\/wp\/v2\/tags?post=6288"}],"curies":[{"name":"wp","href":"https:\/\/api.w.org\/{rel}","templated":true}]}}