{"id":6269,"date":"2017-04-12T14:30:18","date_gmt":"2017-04-12T12:30:18","guid":{"rendered":"https:\/\/www.vdsm.net\/wronline\/?p=6269"},"modified":"2017-04-12T14:30:18","modified_gmt":"2017-04-12T12:30:18","slug":"auszubildende-und-unternehmen-brauchen-unterstuetzung","status":"publish","type":"post","link":"https:\/\/www.vdsm.net\/wronline\/auszubildende-und-unternehmen-brauchen-unterstuetzung\/","title":{"rendered":"Auszubildende und Unternehmen brauchen Unterst\u00fctzung"},"content":{"rendered":"<p>Im Jahr 2016 haben laut Statistischem Bundesamt rund 511.000 Jugendliche einen Ausbildungsvertrag unterschrieben. Damit sind gut ein Prozent weniger Jugendliche in eine duale Ausbildung gestartet als im Jahr 2015. An Bedeutung verliert die duale Ausbildung jedoch nicht.<\/p>\n<p>Der R\u00fcckgang der Auszubildenden ist unter anderem darauf zur\u00fcckzuf\u00fchren, dass sich immer mehr Jugendliche f\u00fcr ein Studium entscheiden. Dabei ist der Bedarf an beruflich qualifizierten Fachkr\u00e4ften nach wie vor gro\u00df. Mehr als 660.000 offene Stellen haben Unternehmen derzeit bei der Bundesagentur f\u00fcr Arbeit gemeldet \u2013 zwei Drittel davon sind f\u00fcr beruflich qualifizierte Fachkr\u00e4fte ausgeschrieben. Schon jetzt gibt es also gro\u00dfe Engp\u00e4sse auf dem Arbeitsmarkt. Jeder Ausbildungsplatz, der heute nicht besetzt wird \u2013 im letzten Jahr waren es 43.500 Pl\u00e4tze \u2013, rei\u00dft in Zukunft noch gr\u00f6\u00dfere L\u00fccken. Die Unternehmen bieten bereits mehr Ausbildungsstellen an. Jetzt gilt es, Jugendliche und Unternehmen zusammenzubringen. Dies ist auch zentrales Anliegen der Allianz f\u00fcr Aus- und Weiterbildung, die vor gut zwei Jahren von der Bundesregierung ins Leben gerufen wurde, um die berufliche Bildung zu st\u00e4rken.<\/p>\n<p>Gerade f\u00fcr die mehr als eine Million in den letzten Jahren zu uns gefl\u00fcchteten Menschen bietet die duale Ausbildung eine gro\u00dfe Chance. Knapp ein Viertel aller Gefl\u00fcchteten ist im ausbildungstypischen Alter zwischen 18 und 25 Jahren. Auch wenn bisher erst knapp 4 Prozent aller Ausbildungsbewerber Fl\u00fcchtlinge sind, ist in Zukunft mit einem starken Anstieg zu rechnen. Denn vor der Ausbildung m\u00fcssen viele Jugendliche zun\u00e4chst Deutsch lernen. Schon jetzt nehmen viele Fl\u00fcchtlinge Angebote wahr, die sie auf eine Ausbildung vorbereiten. Beispielsweise hat fast jeder Dritte Teilnehmer einer Einstiegsqualifizierung (EQ) einen Fluchthintergrund. Doch nicht nur Gefl\u00fcchtete, sondern alle potenziellen Auszubildenden \u2013 etwa leistungsstarke Sch\u00fcler, Jugendliche mit Behinderung oder auch Studienabbrecher \u2013 brauchen ebenso wie Unternehmen vor der Ausbildung mehr Informationen und Unterst\u00fctzung, beispielsweise \u00fcber die Angebote der Bundesagentur f\u00fcr Arbeit. Nur dann kann die duale Ausbildung weiterhin eine starke S\u00e4ule der deutschen Wirtschaft sein.<\/p>\n<p><a href=\"https:\/\/www.iwkoeln.de\/presse\/iw-nachrichten\/beitrag\/zahl-der-ausbildungsvertraege-sinkt-auszubildende-und-unternehmen-brauchen-unterstuetzung-336580\" target=\"_blank\">IW, K\u00f6ln<\/a><\/p>\n","protected":false},"excerpt":{"rendered":"<p>Im Jahr 2016 haben laut Statistischem Bundesamt rund 511.000 Jugendliche einen Ausbildungsvertrag unterschrieben. Damit sind gut ein Prozent weniger Jugendliche in eine duale Ausbildung gestartet&#8230;<\/p>\n","protected":false},"author":2,"featured_media":0,"comment_status":"open","ping_status":"open","sticky":false,"template":"","format":"standard","meta":{"_jetpack_memberships_contains_paid_content":false,"footnotes":""},"categories":[16],"tags":[],"class_list":["post-6269","post","type-post","status-publish","format-standard","hentry","category-arbeitsmarkt"],"jetpack_featured_media_url":"","jetpack_sharing_enabled":true,"_links":{"self":[{"href":"https:\/\/www.vdsm.net\/wronline\/wp-json\/wp\/v2\/posts\/6269","targetHints":{"allow":["GET"]}}],"collection":[{"href":"https:\/\/www.vdsm.net\/wronline\/wp-json\/wp\/v2\/posts"}],"about":[{"href":"https:\/\/www.vdsm.net\/wronline\/wp-json\/wp\/v2\/types\/post"}],"author":[{"embeddable":true,"href":"https:\/\/www.vdsm.net\/wronline\/wp-json\/wp\/v2\/users\/2"}],"replies":[{"embeddable":true,"href":"https:\/\/www.vdsm.net\/wronline\/wp-json\/wp\/v2\/comments?post=6269"}],"version-history":[{"count":2,"href":"https:\/\/www.vdsm.net\/wronline\/wp-json\/wp\/v2\/posts\/6269\/revisions"}],"predecessor-version":[{"id":6271,"href":"https:\/\/www.vdsm.net\/wronline\/wp-json\/wp\/v2\/posts\/6269\/revisions\/6271"}],"wp:attachment":[{"href":"https:\/\/www.vdsm.net\/wronline\/wp-json\/wp\/v2\/media?parent=6269"}],"wp:term":[{"taxonomy":"category","embeddable":true,"href":"https:\/\/www.vdsm.net\/wronline\/wp-json\/wp\/v2\/categories?post=6269"},{"taxonomy":"post_tag","embeddable":true,"href":"https:\/\/www.vdsm.net\/wronline\/wp-json\/wp\/v2\/tags?post=6269"}],"curies":[{"name":"wp","href":"https:\/\/api.w.org\/{rel}","templated":true}]}}