{"id":624,"date":"2012-05-09T11:30:39","date_gmt":"2012-05-09T09:30:39","guid":{"rendered":"http:\/\/www.vdsm.net\/wronline\/?p=624"},"modified":"2012-05-09T11:30:39","modified_gmt":"2012-05-09T09:30:39","slug":"keine-idee-und-kein-ideengeber-soll-verloren-gehen","status":"publish","type":"post","link":"https:\/\/www.vdsm.net\/wronline\/keine-idee-und-kein-ideengeber-soll-verloren-gehen\/","title":{"rendered":"Keine Idee und kein Ideengeber soll verloren gehen"},"content":{"rendered":"<div style=\"width: 310px\" class=\"wp-caption alignleft\"><img loading=\"lazy\" decoding=\"async\" class=\" \" title=\"Viele Akteure aus der Region machen bei der Gr\u00fcnderinitiative &quot;Startpunkt57&quot; mit.\" src=\"http:\/\/www.uni-siegen.de\/start\/news\/wirtschaft\/images\/57online.jpg\" alt=\"\" width=\"300\" height=\"300\" \/><p class=\"wp-caption-text\">Viele Akteure aus der Region machen bei der Gr\u00fcnderinitiative &quot;Startpunkt57&quot; mit.<\/p><\/div>\n<p>Siegen, 9. Mai 2012. \u201eStartpunkt57\u201c hei\u00dft die neue regionale Gr\u00fcnderinitiative unter Federf\u00fchrung der Universit\u00e4t Siegen, der KM:SI GmbH und der Sparkasse Siegen, f\u00fcr die am 8. Mai ganz offiziell der Startschuss gefallen ist.<\/p>\n<p>Der Gro\u00dfteil der finanziellen Unterst\u00fctzung kommt aus dem Stiftungsfonds \u201eRegion der Gr\u00fcnder\/innen\u201c der Sparkassenstiftung Zukunft der Sparkasse Siegen. Zudem sind alle f\u00fcnf Sparkassen im Kreis Siegen-Wittgenstein sowie die Volksbank eG Wittgenstein engagiert.\u00a0 Der Einsatz hat einen\u00a0 knallharten Hintergrund: Die Region geh\u00f6rt zwar zu den wirtschaftlich st\u00e4rksten in NRW und in ganz Deutschland, bei Existenzgr\u00fcndungen jedoch hat sie Nachholbedarf.<\/p>\n<p>Die Rahmenbedingungen f\u00fcr Existenzgr\u00fcnder zu verbessern und Menschen, die ihre Gesch\u00e4ftsideen realisieren wollen, wirkungsvoll zu unterst\u00fctzen, ist der prim\u00e4re Sinn und Zweck der neuen Anlaufstelle f\u00fcr Gr\u00fcndungswillige. Angesiedelt ist \u201eStartpunkt57\u201c im Technologiezentrum in Geisweid. Die Kontaktaufnahme ist auch unter <a href=\"http:\/\/www.startpunkt57.de\" target=\"_blank\">www.startpunkt57.de<\/a> m\u00f6glich. Auf der Homepage gibt es zudem weiterf\u00fchrende Information.<\/p>\n<p>\u201eStartpunkt57\u201c soll als Kompetenzzentrum, als Motor und zugleich als Marke dienen und dazu entwickelt werden, erl\u00e4uterte Gesine Westh\u00e4user als gesch\u00e4ftsf\u00fchrendes Mitglied der Initiative im Rahmen einer Pressekonferenz. Bew\u00e4hrte Akteure h\u00e4tten sich zusammengeschlossen mit dem Ziel, f\u00fcr unternehmerisches Denken und Handeln zu sensibilisieren, angehende Gr\u00fcnder zu qualifizieren und ihnen Beratung und Coaching zukommen zu lassen. Gesine Westh\u00e4user. \u201eWir wollen durch eine Vielzahl von Ma\u00dfnahmen erreichen, dass Unternehmertum positiv besetzt ist.\u201c Der Einsatz soll in Schulen beginnen. Geplant ist, dort im Rahmen von Projekten und Kooperationen Handlungskompetenz zu vermitteln und Interesse zu wecken. \u201eStartpunkt57\u201c geht im Fr\u00fchsommer\/Sommer 2012 mit einem Ideenwettbewerb in die \u00d6ffentlichkeit und m\u00f6chte so auf sich aufmerksam machen. Gesine Westh\u00e4user: \u201eWir wollen damit die Marke ins Land bringen.\u201c Der Slogan hei\u00dft kurz und b\u00fcndig \u201eHau raus!\u201c Bei der Verbreitung setzen die Verantwortlichen besonders auf soziale Medien. Deren Nutzer sollen f\u00fcr eine rasche Weitergabe der Idee und des Wettbewerbs sorgen. Das Vorstandsmitglied: \u201eWir wollen das Potenzial an Gr\u00fcndungen und Ideen besser aussch\u00f6pfen.\u201c Das pr\u00e4ge eine Region.<\/p>\n<p>\u201eWo es keine neuen Unternehmen gibt, findet auch eine Starre statt\u201c, so Landrat Paul Breuer.\u00a0 Und weiter: \u201eWir wollen Gr\u00fcndungsregion werden, um erneuerungsf\u00e4hig zu sein und eine Anziehungskraft auf Menschen mit neuen, jungen Ideen zu entwickeln.\u201c Auch die Nachfolge f\u00fcr Unternehmen m\u00fcsse attraktiv sein. Hanna Schramm-Klein, Prorektorin Industrie, Technologie, Wissenstransfer der Universit\u00e4t Siegen, unterstrich, dass seit dem Jahr 2000 insgesamt 75 Gr\u00fcndungen aus der Uni heraus bekannt seien. Derzeit erhielten f\u00fcnf junge Leute sogenannte Exist-Gr\u00fcnderstipendien; sechs Gr\u00fcnder-Konzepte seien in der Gr\u00fcnderschmiede untergebracht. Die Prorektorin: \u201eWir sind bei Startpunkt57 dabei, um unsere eigenen Aktivit\u00e4ten weiter-zuentwickeln und zu intensivieren.\u201c Auch Harald Peter als stellv. Vorstand der Sparkasse Siegen warb f\u00fcr die Initiative, von der die Region stark profitieren k\u00f6nne. Nicht zuletzt Siegens B\u00fcrgermeister Steffen Mues bezeichnete \u201eStartpunkt57\u201c als \u201ewegweisendes Projekt\u201c. Das Gr\u00fcnderpotenzial sei da, es m\u00fcsse aber geweckt werden.<\/p>\n","protected":false},"excerpt":{"rendered":"<p>Siegen, 9. Mai 2012. \u201eStartpunkt57\u201c hei\u00dft die neue regionale Gr\u00fcnderinitiative unter Federf\u00fchrung der Universit\u00e4t Siegen, der KM:SI GmbH und der Sparkasse Siegen, f\u00fcr die am&#8230;<\/p>\n","protected":false},"author":2,"featured_media":0,"comment_status":"open","ping_status":"open","sticky":false,"template":"","format":"standard","meta":{"_jetpack_memberships_contains_paid_content":false,"footnotes":""},"categories":[11],"tags":[],"class_list":["post-624","post","type-post","status-publish","format-standard","hentry","category-regionale-wirtschaft"],"jetpack_featured_media_url":"","jetpack_sharing_enabled":true,"_links":{"self":[{"href":"https:\/\/www.vdsm.net\/wronline\/wp-json\/wp\/v2\/posts\/624","targetHints":{"allow":["GET"]}}],"collection":[{"href":"https:\/\/www.vdsm.net\/wronline\/wp-json\/wp\/v2\/posts"}],"about":[{"href":"https:\/\/www.vdsm.net\/wronline\/wp-json\/wp\/v2\/types\/post"}],"author":[{"embeddable":true,"href":"https:\/\/www.vdsm.net\/wronline\/wp-json\/wp\/v2\/users\/2"}],"replies":[{"embeddable":true,"href":"https:\/\/www.vdsm.net\/wronline\/wp-json\/wp\/v2\/comments?post=624"}],"version-history":[{"count":4,"href":"https:\/\/www.vdsm.net\/wronline\/wp-json\/wp\/v2\/posts\/624\/revisions"}],"predecessor-version":[{"id":628,"href":"https:\/\/www.vdsm.net\/wronline\/wp-json\/wp\/v2\/posts\/624\/revisions\/628"}],"wp:attachment":[{"href":"https:\/\/www.vdsm.net\/wronline\/wp-json\/wp\/v2\/media?parent=624"}],"wp:term":[{"taxonomy":"category","embeddable":true,"href":"https:\/\/www.vdsm.net\/wronline\/wp-json\/wp\/v2\/categories?post=624"},{"taxonomy":"post_tag","embeddable":true,"href":"https:\/\/www.vdsm.net\/wronline\/wp-json\/wp\/v2\/tags?post=624"}],"curies":[{"name":"wp","href":"https:\/\/api.w.org\/{rel}","templated":true}]}}