{"id":6229,"date":"2017-04-10T14:02:59","date_gmt":"2017-04-10T12:02:59","guid":{"rendered":"https:\/\/www.vdsm.net\/wronline\/?p=6229"},"modified":"2017-04-10T14:02:59","modified_gmt":"2017-04-10T12:02:59","slug":"provinz-ist-kein-ort-provinz-ist-ein-zustand","status":"publish","type":"post","link":"https:\/\/www.vdsm.net\/wronline\/provinz-ist-kein-ort-provinz-ist-ein-zustand\/","title":{"rendered":"Provinz ist kein Ort &#8211; Provinz ist ein Zustand"},"content":{"rendered":"<div id=\"attachment_6231\" style=\"width: 210px\" class=\"wp-caption alignleft\"><a href=\"https:\/\/www.vdsm.net\/wronline\/wp-content\/uploads\/2017\/04\/Walter-Mennekes-04-2016-3-6.jpg\"><img loading=\"lazy\" decoding=\"async\" aria-describedby=\"caption-attachment-6231\" class=\"size-medium wp-image-6231\" src=\"https:\/\/www.vdsm.net\/wronline\/wp-content\/uploads\/2017\/04\/Walter-Mennekes-04-2016-3-6-200x300.jpg\" alt=\"\" width=\"200\" height=\"300\" srcset=\"https:\/\/www.vdsm.net\/wronline\/wp-content\/uploads\/2017\/04\/Walter-Mennekes-04-2016-3-6-200x300.jpg 200w, https:\/\/www.vdsm.net\/wronline\/wp-content\/uploads\/2017\/04\/Walter-Mennekes-04-2016-3-6.jpg 300w\" sizes=\"auto, (max-width: 200px) 100vw, 200px\" \/><\/a><p id=\"caption-attachment-6231\" class=\"wp-caption-text\">Walter Mennekes<\/p><\/div>\n<p>Wenn dieses Bonmot stimmt, dann muss \u00fcberall \u2013 besonders auch in den sog. Randgebieten Deutschlands \u2013 daf\u00fcr gesorgt werden, dass Unternehmen nicht nur in Ballungszentren, sondern auch die \u201ahidden champions\u2019 auf dem Land in einem optimalen Zustand infrastruktureller Vernetzung (&gt; 100 Mb-s!) agieren k\u00f6nnen. Das Stra\u00dfen- und Schienennetz, das ins Sauerland f\u00fchrt, muss nicht gerade komplett erneuert, aber es muss ausgebaut und dadurch schneller und anschlussf\u00e4higer werden. <span id=\"more-253\"><\/span>Es kann ja nicht sein, dass ich mehr Zeit ben\u00f6tige, um von Kirchhundem nach Olpe zu fahren als von Olpe via Autobahn nach K\u00f6ln. Und wenn wir heute an morgen denken, dann bitte sch\u00f6n mit der n\u00f6tigen Infrastruktur f\u00fcr Elektroautos. Bisher basiert unsere Mobilit\u00e4t auf der Nutzung von fossilen Energietr\u00e4gern, in erster Linie von Erd\u00f6l. Die Ressourcen sind jedoch begrenzt. In Verbindung mit erneuerbaren Energien bietet der Elektroantrieb die gr\u00f6\u00dften Chancen.<\/p>\n<p>Und wenn heute von Infrastruktur die Rede ist, wird immer auch auf die sogenannte Breitbandversorgung, also auf das schnelle Internet hingewiesen. Hier gibt es auch im Sauerland noch erheblichen Nachholbedarf: Breitband-Internetversorgung am besten per Glasfaser ist \u2013 wie Schiene und Stra\u00dfe \u2013 inzwischen ein unverzichtbarer Bestandteil kommunaler Infrastruktur, ist, gerade auch f\u00fcr mittelst\u00e4ndische Unternehmen im l\u00e4ndlichen Raum ein wesentlicher Wirtschafts- und Standortfaktor.<\/p>\n<p>Wenn das Gebot gleichwertiger Lebensverh\u00e4ltnisse von Stadt und Land ernst gemeint ist, dann muss alles, was m\u00f6glich ist, daf\u00fcr getan werden, damit auch abseits von Ballungszentren das schnelle Internet selbstverst\u00e4ndlich wird.<\/p>\n<p><em>Ein Beitrag von\u00a0Walter Mennekes, Gesch\u00e4ftsf\u00fchrender Gesellschafter Mennekes Elektrotechnik GmbH &amp; Co. KG, Kirchhundem im <a href=\"http:\/\/www.wirtschaftsblog.nrw\/provinz-ist-kein-ort-provinz-ist-ein-zustand\/\" target=\"_blank\">NRW-Wirtschaftsblog <\/a>&#8222;Klartext im Westen&#8220;.<\/em><\/p>\n","protected":false},"excerpt":{"rendered":"<p>Wenn dieses Bonmot stimmt, dann muss \u00fcberall \u2013 besonders auch in den sog. Randgebieten Deutschlands \u2013 daf\u00fcr gesorgt werden, dass Unternehmen nicht nur in Ballungszentren,&#8230;<\/p>\n","protected":false},"author":2,"featured_media":6232,"comment_status":"open","ping_status":"open","sticky":false,"template":"","format":"standard","meta":{"_jetpack_memberships_contains_paid_content":false,"footnotes":""},"categories":[4,30],"tags":[],"class_list":["post-6229","post","type-post","status-publish","format-standard","has-post-thumbnail","hentry","category-meinung","category-vermischtes"],"jetpack_featured_media_url":"https:\/\/www.vdsm.net\/wronline\/wp-content\/uploads\/2017\/04\/nrw-wirtschaftsblog.jpg","jetpack_sharing_enabled":true,"_links":{"self":[{"href":"https:\/\/www.vdsm.net\/wronline\/wp-json\/wp\/v2\/posts\/6229","targetHints":{"allow":["GET"]}}],"collection":[{"href":"https:\/\/www.vdsm.net\/wronline\/wp-json\/wp\/v2\/posts"}],"about":[{"href":"https:\/\/www.vdsm.net\/wronline\/wp-json\/wp\/v2\/types\/post"}],"author":[{"embeddable":true,"href":"https:\/\/www.vdsm.net\/wronline\/wp-json\/wp\/v2\/users\/2"}],"replies":[{"embeddable":true,"href":"https:\/\/www.vdsm.net\/wronline\/wp-json\/wp\/v2\/comments?post=6229"}],"version-history":[{"count":2,"href":"https:\/\/www.vdsm.net\/wronline\/wp-json\/wp\/v2\/posts\/6229\/revisions"}],"predecessor-version":[{"id":6233,"href":"https:\/\/www.vdsm.net\/wronline\/wp-json\/wp\/v2\/posts\/6229\/revisions\/6233"}],"wp:featuredmedia":[{"embeddable":true,"href":"https:\/\/www.vdsm.net\/wronline\/wp-json\/wp\/v2\/media\/6232"}],"wp:attachment":[{"href":"https:\/\/www.vdsm.net\/wronline\/wp-json\/wp\/v2\/media?parent=6229"}],"wp:term":[{"taxonomy":"category","embeddable":true,"href":"https:\/\/www.vdsm.net\/wronline\/wp-json\/wp\/v2\/categories?post=6229"},{"taxonomy":"post_tag","embeddable":true,"href":"https:\/\/www.vdsm.net\/wronline\/wp-json\/wp\/v2\/tags?post=6229"}],"curies":[{"name":"wp","href":"https:\/\/api.w.org\/{rel}","templated":true}]}}