{"id":6221,"date":"2017-04-10T08:10:12","date_gmt":"2017-04-10T06:10:12","guid":{"rendered":"https:\/\/www.vdsm.net\/wronline\/?p=6221"},"modified":"2017-04-10T08:10:12","modified_gmt":"2017-04-10T06:10:12","slug":"mennekes-erweitert-standort-in-welschen-ennest","status":"publish","type":"post","link":"https:\/\/www.vdsm.net\/wronline\/mennekes-erweitert-standort-in-welschen-ennest\/","title":{"rendered":"Mennekes erweitert Standort in Welschen-Ennest"},"content":{"rendered":"<p>Die <a href=\"http:\/\/www.mennekes.de\/index._html\" target=\"_blank\">MENNEKES Elektrotechnik GmbH &amp; Co. KG<\/a> startet mit der \u00a0Erweiterung des Standortes in Kirchhundem, Ortsteil Welschen Ennest. Bereits Ende 2014 erwarb der weltweit agierende Spezialist f\u00fcr Steckvorrichtungen das in Welschen Ennest gelegene, fr\u00fcher zur Unternehmensgruppe Kaiser &amp; Kellermann geh\u00f6rende Areal, welches nach intensiver Planung nun in mehreren Bauabschnitten erweitert und umgebaut wird.<\/p>\n<div id=\"attachment_6224\" style=\"width: 310px\" class=\"wp-caption alignleft\"><a href=\"https:\/\/www.vdsm.net\/wronline\/wp-content\/uploads\/2017\/04\/Bild_02Mennekes17.jpg\"><img loading=\"lazy\" decoding=\"async\" aria-describedby=\"caption-attachment-6224\" class=\"wp-image-6224 size-medium\" src=\"https:\/\/www.vdsm.net\/wronline\/wp-content\/uploads\/2017\/04\/Bild_02Mennekes17-300x208.jpg\" alt=\"\" width=\"300\" height=\"208\" srcset=\"https:\/\/www.vdsm.net\/wronline\/wp-content\/uploads\/2017\/04\/Bild_02Mennekes17-300x208.jpg 300w, https:\/\/www.vdsm.net\/wronline\/wp-content\/uploads\/2017\/04\/Bild_02Mennekes17-768x533.jpg 768w, https:\/\/www.vdsm.net\/wronline\/wp-content\/uploads\/2017\/04\/Bild_02Mennekes17.jpg 777w\" sizes=\"auto, (max-width: 300px) 100vw, 300px\" \/><\/a><p id=\"caption-attachment-6224\" class=\"wp-caption-text\">In einem weiteren Bauabschnitt werden die vorhandenen Strukturen der ehemaligen Lagerhalle als zukunftsorientierte Produktions- und Lagerfl\u00e4che umgebaut.<\/p><\/div>\n<p>\u201eDie Mitarbeiterzahlen sind in den letzten Jahren rasant gewachsen; durch das neue Gesch\u00e4ftsfeld der Elektromobilit\u00e4t zudem die Anforderungen an die Produktionskapazit\u00e4ten. Platz ist derzeit Mangelware, dies werden wir in den n\u00e4chsten Monaten \u00e4ndern\u201c, so Christopher Mennekes zu den geplanten Ma\u00dfnahmen. Im ersten Bauabschnitt entsteht ein neues B\u00fcrogeb\u00e4ude in unmittelbarer N\u00e4he zum bereits vorhandenen Versandlager. Ab Anfang 2018 bietet dies auf einer Fl\u00e4che von 2.500 m\u00b2 Platz f\u00fcr 70 Mitarbeiter.<\/p>\n<p>In einem weiteren Bauabschnitt werden die vorhandenen Strukturen der ehemaligen Lagerhalle als zukunftsorientierte Produktions- und Lagerfl\u00e4che umgebaut. Produktions- und Logistikprozesse k\u00f6nnen so bestm\u00f6glich und flexibel miteinander\u00a0vernetzt werden. Auf rund 8.000 m\u00b2 entsteht somit ein neues Arbeitsumfeld f\u00fcr rund 100 Mitarbeiter. Teile des Geb\u00e4udes sollen bereits Ende 2017 bezugsfertig sein.<\/p>\n<p>So wird Raum f\u00fcr weiteres Wachstum geschaffen und das Hauptwerk in Kirchhundem entlastet, das zwischen Stra\u00dfe und Hundem an seine Grenzen gesto\u00dfen ist. \u00a0Mit der Erweiterung, die eine Investitionssumme von rund 13 Millionen Euro bedeutet, bekr\u00e4ftigt Mennekes einmal mehr sein Vertrauen in die Zukunft seines Standortes im Sauerland.<\/p>\n","protected":false},"excerpt":{"rendered":"<p>Die MENNEKES Elektrotechnik GmbH &amp; Co. KG startet mit der \u00a0Erweiterung des Standortes in Kirchhundem, Ortsteil Welschen Ennest. Bereits Ende 2014 erwarb der weltweit agierende&#8230;<\/p>\n","protected":false},"author":2,"featured_media":6223,"comment_status":"open","ping_status":"open","sticky":false,"template":"","format":"standard","meta":{"_jetpack_memberships_contains_paid_content":false,"footnotes":""},"categories":[1],"tags":[],"class_list":["post-6221","post","type-post","status-publish","format-standard","has-post-thumbnail","hentry","category-aktuell"],"jetpack_featured_media_url":"https:\/\/www.vdsm.net\/wronline\/wp-content\/uploads\/2017\/04\/Bild_01Mennekes17.jpg","jetpack_sharing_enabled":true,"_links":{"self":[{"href":"https:\/\/www.vdsm.net\/wronline\/wp-json\/wp\/v2\/posts\/6221","targetHints":{"allow":["GET"]}}],"collection":[{"href":"https:\/\/www.vdsm.net\/wronline\/wp-json\/wp\/v2\/posts"}],"about":[{"href":"https:\/\/www.vdsm.net\/wronline\/wp-json\/wp\/v2\/types\/post"}],"author":[{"embeddable":true,"href":"https:\/\/www.vdsm.net\/wronline\/wp-json\/wp\/v2\/users\/2"}],"replies":[{"embeddable":true,"href":"https:\/\/www.vdsm.net\/wronline\/wp-json\/wp\/v2\/comments?post=6221"}],"version-history":[{"count":2,"href":"https:\/\/www.vdsm.net\/wronline\/wp-json\/wp\/v2\/posts\/6221\/revisions"}],"predecessor-version":[{"id":6225,"href":"https:\/\/www.vdsm.net\/wronline\/wp-json\/wp\/v2\/posts\/6221\/revisions\/6225"}],"wp:featuredmedia":[{"embeddable":true,"href":"https:\/\/www.vdsm.net\/wronline\/wp-json\/wp\/v2\/media\/6223"}],"wp:attachment":[{"href":"https:\/\/www.vdsm.net\/wronline\/wp-json\/wp\/v2\/media?parent=6221"}],"wp:term":[{"taxonomy":"category","embeddable":true,"href":"https:\/\/www.vdsm.net\/wronline\/wp-json\/wp\/v2\/categories?post=6221"},{"taxonomy":"post_tag","embeddable":true,"href":"https:\/\/www.vdsm.net\/wronline\/wp-json\/wp\/v2\/tags?post=6221"}],"curies":[{"name":"wp","href":"https:\/\/api.w.org\/{rel}","templated":true}]}}