{"id":6161,"date":"2017-03-31T16:55:38","date_gmt":"2017-03-31T14:55:38","guid":{"rendered":"https:\/\/www.vdsm.net\/wronline\/?p=6161"},"modified":"2017-04-03T10:49:53","modified_gmt":"2017-04-03T08:49:53","slug":"ausbildungsbereitschaft-ist-ungebrochen","status":"publish","type":"post","link":"https:\/\/www.vdsm.net\/wronline\/ausbildungsbereitschaft-ist-ungebrochen\/","title":{"rendered":"Ausbildungsbereitschaft ist ungebrochen"},"content":{"rendered":"<p>Optimistisch\u201c zeigten sich die NRW-Unternehmensverb\u00e4nde angesichts der am Freitag ver\u00f6ffentlichten Zahlen zum NRW-Ausbildungsmarkt. Erfahrungsgem\u00e4\u00df seien die Werte aus dem M\u00e4rz nur ein erstes Stimmungsbild und der Markt in den n\u00e4chsten Monaten noch stark in Bewegung, teilte die Landesvereinigung der Unternehmensverb\u00e4nde Nordrhein-Westfalen (unternehmer nrw) in D\u00fcsseldorf mit. Es sei ein gutes Zeichen, dass sich insgesamt der Abstand bei den gemeldeten Ausbildungspl\u00e4tzen zum Vorjahresniveau im M\u00e4rz (-1,3 Prozent) seit Januar (-2,8 Prozent) schon deutlich verringert habe. Das gute Vorjahresniveau wird bei den betrieblichen Ausbildungspl\u00e4tzen nahezu gehalten (-0,9 Prozent).<\/p>\n<p>In der Gesamtschau weise NRW ein \u00fcberdurchschnittliches Ausbildungsengagement auf: Die Ausbildungsquote (5,5 Prozent) und die Ausbildungsbetriebsquote (22,8 Prozent) sei h\u00f6her als im Bund (5,1 bzw. 20 Prozent). Hinzu komme, dass die Zahl der betrieblichen Ausbildungspl\u00e4tze 2016 den h\u00f6chsten Stand seit 14 Jahren erreicht habe. Insofern d\u00fcrfe das aktuell leichte Minus bei den Ausbildungszahlen nicht \u00fcberbewertet werden. Gleichzeitig betonten die NRW-Unternehmensverb\u00e4nde, die Betriebe h\u00e4tten immer gr\u00f6\u00dfere Schwierigkeiten, ihre Ausbildungspl\u00e4tze auch tats\u00e4chlich zu besetzen. Im Jahr 2016 sei die Zahl der unbesetzten Ausbildungspl\u00e4tze auf den h\u00f6chsten Stand seit 19 Jahren gestiegen. Dadurch bestehe die Gefahr, dass Betriebe zwar ausbilden wollten, es aber nicht k\u00f6nnten und sich folglich aus der Ausbildung zur\u00fcckz\u00f6gen oder weniger Pl\u00e4tze anb\u00f6ten. So komme es teilweise zu einem R\u00fcckgang der Ausbildungspl\u00e4tze, obwohl die grunds\u00e4tzliche Bereitschaft zur Ausbildung vorhanden sei.<\/p>\n","protected":false},"excerpt":{"rendered":"<p>Optimistisch\u201c zeigten sich die NRW-Unternehmensverb\u00e4nde angesichts der am Freitag ver\u00f6ffentlichten Zahlen zum NRW-Ausbildungsmarkt. Erfahrungsgem\u00e4\u00df seien die Werte aus dem M\u00e4rz nur ein erstes Stimmungsbild und&#8230;<\/p>\n","protected":false},"author":2,"featured_media":5344,"comment_status":"open","ping_status":"open","sticky":false,"template":"","format":"standard","meta":{"_jetpack_memberships_contains_paid_content":false,"footnotes":""},"categories":[1,16,11],"tags":[],"class_list":["post-6161","post","type-post","status-publish","format-standard","has-post-thumbnail","hentry","category-aktuell","category-arbeitsmarkt","category-regionale-wirtschaft"],"jetpack_featured_media_url":"https:\/\/www.vdsm.net\/wronline\/wp-content\/uploads\/2017\/01\/001-17-Lehrstellenbilanz-20.jpg","jetpack_sharing_enabled":true,"_links":{"self":[{"href":"https:\/\/www.vdsm.net\/wronline\/wp-json\/wp\/v2\/posts\/6161","targetHints":{"allow":["GET"]}}],"collection":[{"href":"https:\/\/www.vdsm.net\/wronline\/wp-json\/wp\/v2\/posts"}],"about":[{"href":"https:\/\/www.vdsm.net\/wronline\/wp-json\/wp\/v2\/types\/post"}],"author":[{"embeddable":true,"href":"https:\/\/www.vdsm.net\/wronline\/wp-json\/wp\/v2\/users\/2"}],"replies":[{"embeddable":true,"href":"https:\/\/www.vdsm.net\/wronline\/wp-json\/wp\/v2\/comments?post=6161"}],"version-history":[{"count":2,"href":"https:\/\/www.vdsm.net\/wronline\/wp-json\/wp\/v2\/posts\/6161\/revisions"}],"predecessor-version":[{"id":6163,"href":"https:\/\/www.vdsm.net\/wronline\/wp-json\/wp\/v2\/posts\/6161\/revisions\/6163"}],"wp:featuredmedia":[{"embeddable":true,"href":"https:\/\/www.vdsm.net\/wronline\/wp-json\/wp\/v2\/media\/5344"}],"wp:attachment":[{"href":"https:\/\/www.vdsm.net\/wronline\/wp-json\/wp\/v2\/media?parent=6161"}],"wp:term":[{"taxonomy":"category","embeddable":true,"href":"https:\/\/www.vdsm.net\/wronline\/wp-json\/wp\/v2\/categories?post=6161"},{"taxonomy":"post_tag","embeddable":true,"href":"https:\/\/www.vdsm.net\/wronline\/wp-json\/wp\/v2\/tags?post=6161"}],"curies":[{"name":"wp","href":"https:\/\/api.w.org\/{rel}","templated":true}]}}