{"id":6158,"date":"2017-03-31T16:40:55","date_gmt":"2017-03-31T14:40:55","guid":{"rendered":"https:\/\/www.vdsm.net\/wronline\/?p=6158"},"modified":"2017-03-31T16:40:55","modified_gmt":"2017-03-31T14:40:55","slug":"ihk-praesentiert-vierten-agentur-kompass","status":"publish","type":"post","link":"https:\/\/www.vdsm.net\/wronline\/ihk-praesentiert-vierten-agentur-kompass\/","title":{"rendered":"IHK pr\u00e4sentiert vierten Agentur-Kompass"},"content":{"rendered":"<p>53 Unternehmen aus den Kreisen Siegen-Wittgenstein und Olpe stellen sich in der vierten Auflage des Agentur-Kompasses vor. \u201eEin neuer Rekord. Die beteiligten Unternehmen besch\u00e4ftigen rund 750 Personen\u201c, verdeutlicht IHK-Hauptgesch\u00e4ftsf\u00fchrer Klaus Gr\u00e4bener: \u201eIn unserer ersten Ausgabe im Jahr 2011 waren gerade einmal 32 Betriebe dabei. Dies zeigt, welchen Stellenwert die Publikation im Laufe der Jahre gewonnen hat und lenkt zugleich den Blick auf eine vielfach nicht hinreichend beachtete regionale Werbe- und Medien-Szene, die mittlerweile rund 3000 K\u00f6pfe stark ist und aus Verlags- und Filmh\u00e4usern, Radio, Fernsehen, Werbeagenturen, Telekommunikations- und etlichen IT-Dienstleistern besteht. Das ist vielen in der heimischen Wirtschaft nicht bewusst.\u201c<\/p>\n<p>Wer erstellt meinen Internetauftritt? Wo bekomme ich druckreife Publikationen? Wie k\u00f6nnte meine Au\u00dfenwerbung aussehen? Oder: Welche Agentur erarbeitet mit mir gemeinsam ein ganzes Marketing-Konzept? \u201eFragen, die in der allt\u00e4glichen Firmenpraxis immer wieder auftreten\u201c, wei\u00df IHK-Pressereferentin Tanja Bauschert. \u201eUnternehmer wie Mitarbeiter suchen dann Werbeagenturen und Marketing-Fachleute, die ihren eigenen Vorstellungen am ehesten entsprechen. Und ein Blick in die Kreise Siegen-Wittgenstein und Olpe hat so einiges zu bieten. Das innovative Potential befindet sich direkt vor der Haust\u00fcr!\u201c Der \u201eAgentur-Kompass\u201c gibt Einblick in die Agentur-Szene und informiert \u00fcber die \u201ekreativen K\u00f6pfe\u201c der Region. Idee und Konzeption der Publikation sind in enger Kooperation mit den beteiligten Firmen entstanden. Ein besonderer Dank gilt der Vorl\u00e4nder GmbH &amp; Co. KG f\u00fcr die Zusammenstellung der Publikation, der Yellow Tree GmbH &amp; Co. KG f\u00fcr das Titel-Design sowie der mertensteinke Gruppe f\u00fcr die Erstellung des Internetauftritts (<a href=\"http:\/\/www.agenturkompass.info\/\" target=\"_blank\" rel=\"noopener\">www.agenturkompass.info<\/a> ).<\/p>\n<p>Viele heimische Betriebe \u2013 und wahrlich nicht nur im Konsumg\u00fcterbereich \u2013 setzen auf gut gestaltete Produkte, um ihre Kunden mit dem \u201agewissen Etwas\u2019 zu \u00fcberzeugen. Und dieses \u201egewisse Etwas\u201c muss eben in Szene gesetzt werden: durch klassische Werbung, im Printbereich, bei Firmenevents oder mit ansprechenden Fotos. \u201eUnternehmen aus Siegen-Wittgenstein und Olpe fragen deshalb Jahr f\u00fcr Jahr eine Vielzahl von Agenturleistungen nach \u2013 leider oft in den so genannten Medienmetropolen der Republik\u201c, berichtet Tanja Bauschert aus Erfahrung. Dabei gibt es eine Menge Unerwartetes auch vor Ort zu entdecken. Spitzenleistungen, die sich sehen lassen k\u00f6nnen, und hier setzt der Agentur-Kompass Siegen-Wittgenstein \/ Olpe an: Er will helfen, das Gute in der N\u00e4he zu finden. Zum Vorteil sowohl der pr\u00e4sentierten Agenturen wie deren Kunden. Mit der Brosch\u00fcre k\u00f6nnen sich Unternehmen zielgerichtet auf die Suche nach der f\u00fcr sie passenden Agentur machen. Ganz gleich, in welchem Bereich sie externe Designkompetenz f\u00fcr sich in Anspruch nehmen wollen. Klaus Gr\u00e4bener: \u201eZus\u00e4tzlich zu diesem praktischen Nutzen schulen die pr\u00e4sentierten Beispiele den Blick f\u00fcr gutes Design, sie regen vielleicht auch zum Widerspruch an. Design ist schlie\u00dflich l\u00e4ngst zu einem wirtschaftlichen Erfolgsfaktor geworden. Auch hierf\u00fcr das Bewusstsein weiter zu sch\u00e4rfen, ist eine wichtige Zielsetzung, die wir mit dem Agentur-Kompass verbinden.\u201c<\/p>\n","protected":false},"excerpt":{"rendered":"<p>53 Unternehmen aus den Kreisen Siegen-Wittgenstein und Olpe stellen sich in der vierten Auflage des Agentur-Kompasses vor. \u201eEin neuer Rekord. Die beteiligten Unternehmen besch\u00e4ftigen rund&#8230;<\/p>\n","protected":false},"author":2,"featured_media":6159,"comment_status":"open","ping_status":"open","sticky":false,"template":"","format":"standard","meta":{"_jetpack_memberships_contains_paid_content":false,"footnotes":""},"categories":[30,11],"tags":[],"class_list":["post-6158","post","type-post","status-publish","format-standard","has-post-thumbnail","hentry","category-vermischtes","category-regionale-wirtschaft"],"jetpack_featured_media_url":"https:\/\/www.vdsm.net\/wronline\/wp-content\/uploads\/2017\/03\/agenturkompass2017.jpg","jetpack_sharing_enabled":true,"_links":{"self":[{"href":"https:\/\/www.vdsm.net\/wronline\/wp-json\/wp\/v2\/posts\/6158","targetHints":{"allow":["GET"]}}],"collection":[{"href":"https:\/\/www.vdsm.net\/wronline\/wp-json\/wp\/v2\/posts"}],"about":[{"href":"https:\/\/www.vdsm.net\/wronline\/wp-json\/wp\/v2\/types\/post"}],"author":[{"embeddable":true,"href":"https:\/\/www.vdsm.net\/wronline\/wp-json\/wp\/v2\/users\/2"}],"replies":[{"embeddable":true,"href":"https:\/\/www.vdsm.net\/wronline\/wp-json\/wp\/v2\/comments?post=6158"}],"version-history":[{"count":1,"href":"https:\/\/www.vdsm.net\/wronline\/wp-json\/wp\/v2\/posts\/6158\/revisions"}],"predecessor-version":[{"id":6160,"href":"https:\/\/www.vdsm.net\/wronline\/wp-json\/wp\/v2\/posts\/6158\/revisions\/6160"}],"wp:featuredmedia":[{"embeddable":true,"href":"https:\/\/www.vdsm.net\/wronline\/wp-json\/wp\/v2\/media\/6159"}],"wp:attachment":[{"href":"https:\/\/www.vdsm.net\/wronline\/wp-json\/wp\/v2\/media?parent=6158"}],"wp:term":[{"taxonomy":"category","embeddable":true,"href":"https:\/\/www.vdsm.net\/wronline\/wp-json\/wp\/v2\/categories?post=6158"},{"taxonomy":"post_tag","embeddable":true,"href":"https:\/\/www.vdsm.net\/wronline\/wp-json\/wp\/v2\/tags?post=6158"}],"curies":[{"name":"wp","href":"https:\/\/api.w.org\/{rel}","templated":true}]}}